{"id":68273,"date":"2019-11-22T11:06:00","date_gmt":"2019-11-22T16:06:00","guid":{"rendered":"https:\/\/linitiative.ca\/International\/mostaganem-plusieurs-ecoles-de-regions-rurales-sans-chauffage\/"},"modified":"2019-11-22T11:06:00","modified_gmt":"2019-11-22T16:06:00","slug":"mostaganem-plusieurs-ecoles-de-regions-rurales-sans-chauffage","status":"publish","type":"post","link":"https:\/\/linitiative.ca\/International\/mostaganem-plusieurs-ecoles-de-regions-rurales-sans-chauffage\/","title":{"rendered":"MOSTAGANEM : Plusieurs \u00e9coles de r\u00e9gions rurales sans chauffage"},"content":{"rendered":"<p><br id=\"sep_para_1\" class=\"sep_para access\"\/><\/p>\n<div id=\"para_1\" class=\"para_34150036 resize\">\n<div class=\"texte access firstletter\">En cette p\u00e9riode de l&rsquo;ann\u00e9e o\u00f9 le froid devient plus rigoureux notamment dans les r\u00e9gions rurales de la wilaya de Mostaganem et exceptionnellement ces derniers jours, la situation d\u00e9sastreuse que vit une grande partie des \u00e9l\u00e8ves semble durer dans le temps, sans que cela perturbe la conscience de ceux qui sont cens\u00e9s trouver une solution \u00e0 ce probl\u00e8me. En effet, la probl\u00e9matique du chauffage surtout dans\u00a0 les \u00e9coles primaires, implant\u00e9es au niveau\u00a0 des zones rurales \u00e9parses\u00a0 se pose en hiver d\u2019une ann\u00e9e \u00e0 l\u2019autre particuli\u00e8rement celles qui se trouvent dans les communes de Souaflia, Safsaf ,Achaacha, etc&#8230; Cependant, les \u00e9l\u00e8ves ainsi que leurs enseignants grelottent de froid quotidiennement en raison des\u00a0 vitres cass\u00e9es\u00a0 qui sont parfois remplac\u00e9es par du carton ou du plastique. A ce propos, certains enseignants d\u00e9clarent qu&rsquo;en l&rsquo;absence de chauffage, les classes ressemblent \u00e0 des chambres froides. S\u2019agit \u2013il d\u2019une n\u00e9gligence de la part des responsables\u00a0 concern\u00e9s, ou d\u2019un manque de moyens ?. Toujours est-il que, les \u00e9l\u00e8ves\u00a0 de certains\u00a0 \u00e9tablissements \u00e9ducatifs continuent de supporter et de souffrir du froid de l\u2019hiver,\u00a0 \u00e9prouvant des difficult\u00e9s \u00e0 se concentrer et \u00e0 suivre convenablement leurs cours. Il y\u2019a lieu de signaler que certains de ces \u00e9tablissements sont situ\u00e9s dans des r\u00e9gions qui ne disposent\u00a0 pas encore de raccordement au r\u00e9seau de gaz de ville, ou parfois les appareils de chauffage de ces \u00e9tablissements sont d\u00e9faillants, ou bien ces derniers manquent\u00a0 de gaz o\u00efl, donc il y&rsquo;a toujours un probl\u00e8me. C\u2019est dire que les \u00e9l\u00e8ves de certains \u00e9tablissements \u00e9ducatifs sont contraints\u00a0 de supporter le froid de l\u2019hiver avec toutes les cons\u00e9quences\u00a0 n\u00e9gatives sur leur scolarit\u00e9 et le plus grave sur leur sant\u00e9.\u00a0\u00a0\u00a0\u00a0\u00a0\u00a0\u00a0\u00a0<\/div>\n<\/div>\n<p>Auteur: G.Yacine<br \/>\n<a href=\"https:\/\/www.reflexiondz.net\/MOSTAGANEM-Plusieurs-ecoles-de-regions-rurales-sans-chauffage_a58950.html\">Cliquez ici pour lire l&rsquo;article depuis sa source.<\/a><\/p>\n","protected":false},"excerpt":{"rendered":"<p>En cette p\u00e9riode de l&rsquo;ann\u00e9e o\u00f9 le froid devient plus rigoureux notamment dans les r\u00e9gions rurales de la wilaya de Mostaganem et exceptionnellement ces derniers jours, la situation d\u00e9sastreuse que vit une grande partie des \u00e9l\u00e8ves semble durer dans le temps, sans que cela perturbe la conscience de ceux qui sont cens\u00e9s trouver une solution [&hellip;]<\/p>\n","protected":false},"author":1740,"featured_media":0,"comment_status":"closed","ping_status":"closed","sticky":false,"template":"","format":"standard","meta":{"fifu_image_url":"","fifu_image_alt":"","footnotes":""},"categories":[53,76],"tags":[],"class_list":["post-68273","post","type-post","status-publish","format-standard","hentry","category-algerie","category-regions"],"_links":{"self":[{"href":"https:\/\/linitiative.ca\/International\/wp-json\/wp\/v2\/posts\/68273","targetHints":{"allow":["GET"]}}],"collection":[{"href":"https:\/\/linitiative.ca\/International\/wp-json\/wp\/v2\/posts"}],"about":[{"href":"https:\/\/linitiative.ca\/International\/wp-json\/wp\/v2\/types\/post"}],"author":[{"embeddable":true,"href":"https:\/\/linitiative.ca\/International\/wp-json\/wp\/v2\/users\/1740"}],"replies":[{"embeddable":true,"href":"https:\/\/linitiative.ca\/International\/wp-json\/wp\/v2\/comments?post=68273"}],"version-history":[{"count":0,"href":"https:\/\/linitiative.ca\/International\/wp-json\/wp\/v2\/posts\/68273\/revisions"}],"wp:attachment":[{"href":"https:\/\/linitiative.ca\/International\/wp-json\/wp\/v2\/media?parent=68273"}],"wp:term":[{"taxonomy":"category","embeddable":true,"href":"https:\/\/linitiative.ca\/International\/wp-json\/wp\/v2\/categories?post=68273"},{"taxonomy":"post_tag","embeddable":true,"href":"https:\/\/linitiative.ca\/International\/wp-json\/wp\/v2\/tags?post=68273"}],"curies":[{"name":"wp","href":"https:\/\/api.w.org\/{rel}","templated":true}]}}