{"id":68279,"date":"2019-11-22T12:32:52","date_gmt":"2019-11-22T17:32:52","guid":{"rendered":"https:\/\/linitiative.ca\/International\/40e-vendredi-de-hirak-a-guelma-le-peuple-contribue-a-trouver-une-solution-et-non-pas-a-legitimer-la-fraude\/"},"modified":"2019-11-22T12:32:52","modified_gmt":"2019-11-22T17:32:52","slug":"40e-vendredi-de-hirak-a-guelma-le-peuple-contribue-a-trouver-une-solution-et-non-pas-a-legitimer-la-fraude","status":"publish","type":"post","link":"https:\/\/linitiative.ca\/International\/40e-vendredi-de-hirak-a-guelma-le-peuple-contribue-a-trouver-une-solution-et-non-pas-a-legitimer-la-fraude\/","title":{"rendered":"40e vendredi de Hirak \u00e0 Guelma : \u00ab\u00a0Le peuple contribue \u00e0 trouver une solution et non pas \u00e0 l\u00e9gitimer la fraude\u00a0\u00bb"},"content":{"rendered":"<h4 class=\"title-14\"\/>\n<div class=\"featured_image\"><img loading=\"lazy\" decoding=\"async\" width=\"1456\" height=\"1089\" src=\"https:\/\/www.elwatan.com\/wp-content\/uploads\/2019\/11\/Guelma-40e-vendredi.jpg\" class=\"attachment-post-thumbnail size-post-thumbnail wp-post-image\" alt=\"\" srcset=\"https:\/\/www.elwatan.com\/wp-content\/uploads\/2019\/11\/Guelma-40e-vendredi.jpg 1456w, https:\/\/www.elwatan.com\/wp-content\/uploads\/2019\/11\/Guelma-40e-vendredi-300x224.jpg 300w, https:\/\/www.elwatan.com\/wp-content\/uploads\/2019\/11\/Guelma-40e-vendredi-768x574.jpg 768w, https:\/\/www.elwatan.com\/wp-content\/uploads\/2019\/11\/Guelma-40e-vendredi-1024x766.jpg 1024w, https:\/\/www.elwatan.com\/wp-content\/uploads\/2019\/11\/Guelma-40e-vendredi-1320x987.jpg 1320w\" sizes=\"auto, (max-width: 1456px) 100vw, 1456px\"\/><span class=\"featured-image-caption\">Photo : El Watan<\/span><\/div>\n<p>Inlassablement, les hirakistes Guelmis, ont aujourd\u2019hui, et pour le 40e vendredi cons\u00e9cutif, fait preuve de leur d\u00e9termination pour dire non \u00e0 la tenue des \u00e9lections pr\u00e9sidentielles du 12 d\u00e9cembre prochain.<\/p>\n<p>Ils \u00e9taient plusieurs centaines, hommes et femmes, \u00e0 sillonner les boulevards et les rues de la ville habituellement emprunt\u00e9s pour se faire entendre \u00ab\u00a0Cela fait neuf mois, jour pour jour, que notre combat pour une Alg\u00e9rie lib\u00e9r\u00e9e du gang, a d\u00e9but\u00e9 et notre d\u00e9termination demeure intact.<\/p>\n<p>Il est hors de question que des \u00e9lections pr\u00e9sidentielles ont lieu sans l\u2019approbation de la population et certainement pas avec les r\u00e9sidus du gang dans les m\u00e9andres du pouvoir\u00bb maintiennent les marcheurs. Et de tels propos, avec des variantes toutes aussi pertinentes, n\u2019ont pas manqu\u00e9 \u00ab le report des \u00e9lections doit \u00eatre per\u00e7ue comme une d\u00e9cision sage et non pas comme une d\u00e9faite\u00a0\u00bb l\u2019on pouvait \u00e9galement lire, entre autres, sur des pancartes.<\/p>\n<p>La question des d\u00e9tenues d\u2019opinion est revenue comme chaque vendredi, dans les slogans des hirakistes \u00ab\u00a0 lib\u00e9rez nos d\u00e9tenus\u00a0!\u00a0\u00bb.<br \/>L\u2019optimisme est \u00e9galement au rendez-vous \u00e0 Guelma avec pour mot d\u2019ordre \u00ab la volont\u00e9 du peuple gagnera quelque soit la dur\u00e9e du combat\u00a0\u00bb un combat que beaucoup d\u2019observateurs per\u00e7oivent comme l\u00e9gitime.<\/p>\n<p>Malheureusement, omnipr\u00e9sente dans la marche, la violence verbale, \u00e9clabousse sans vergogne qui veut l\u2019entendre et prend des proportions \u00e0 la limites de l\u2019ind\u00e9cence, notamment lorsque, des pros \u00e9lection, s\u2019affichent clairement sur le parcours des hirakistes, comme ce fut le cas aujourd\u2019hui. Sans commentaire\u00a0!<\/p>\n<p><span class=\"post-views-label\">Post Views:<\/span> <span class=\"post-views-count\">13<\/span><\/p>\n<p><br class=\"c2\"\/><\/p>\n<p>Auteur: Mohand Yahiaoui<br \/>\n<a href=\"https:\/\/www.elwatan.com\/edition\/actualite\/40e-vendredi-de-hirak-a-guelma-le-peuple-contribue-a-trouver-une-solution-et-non-pas-a-legitimer-la-fraude-22-11-2019\">Cliquez ici pour lire l&rsquo;article depuis sa source.<\/a><\/p>\n","protected":false},"excerpt":{"rendered":"<p>Photo : El Watan Inlassablement, les hirakistes Guelmis, ont aujourd\u2019hui, et pour le 40e vendredi cons\u00e9cutif, fait preuve de leur d\u00e9termination pour dire non \u00e0 la tenue des \u00e9lections pr\u00e9sidentielles du 12 d\u00e9cembre prochain. Ils \u00e9taient plusieurs centaines, hommes et femmes, \u00e0 sillonner les boulevards et les rues de la ville habituellement emprunt\u00e9s pour se [&hellip;]<\/p>\n","protected":false},"author":1743,"featured_media":68280,"comment_status":"closed","ping_status":"closed","sticky":false,"template":"","format":"standard","meta":{"fifu_image_url":"","fifu_image_alt":"","footnotes":""},"categories":[73,53],"tags":[],"class_list":["post-68279","post","type-post","status-publish","format-standard","has-post-thumbnail","hentry","category-actualite","category-algerie"],"_links":{"self":[{"href":"https:\/\/linitiative.ca\/International\/wp-json\/wp\/v2\/posts\/68279","targetHints":{"allow":["GET"]}}],"collection":[{"href":"https:\/\/linitiative.ca\/International\/wp-json\/wp\/v2\/posts"}],"about":[{"href":"https:\/\/linitiative.ca\/International\/wp-json\/wp\/v2\/types\/post"}],"author":[{"embeddable":true,"href":"https:\/\/linitiative.ca\/International\/wp-json\/wp\/v2\/users\/1743"}],"replies":[{"embeddable":true,"href":"https:\/\/linitiative.ca\/International\/wp-json\/wp\/v2\/comments?post=68279"}],"version-history":[{"count":0,"href":"https:\/\/linitiative.ca\/International\/wp-json\/wp\/v2\/posts\/68279\/revisions"}],"wp:featuredmedia":[{"embeddable":true,"href":"https:\/\/linitiative.ca\/International\/wp-json\/"}],"wp:attachment":[{"href":"https:\/\/linitiative.ca\/International\/wp-json\/wp\/v2\/media?parent=68279"}],"wp:term":[{"taxonomy":"category","embeddable":true,"href":"https:\/\/linitiative.ca\/International\/wp-json\/wp\/v2\/categories?post=68279"},{"taxonomy":"post_tag","embeddable":true,"href":"https:\/\/linitiative.ca\/International\/wp-json\/wp\/v2\/tags?post=68279"}],"curies":[{"name":"wp","href":"https:\/\/api.w.org\/{rel}","templated":true}]}}