{"id":68281,"date":"2019-11-22T12:38:08","date_gmt":"2019-11-22T17:38:08","guid":{"rendered":"https:\/\/linitiative.ca\/International\/mascara-rejet-categorique-des-elections\/"},"modified":"2019-11-22T12:38:08","modified_gmt":"2019-11-22T17:38:08","slug":"mascara-rejet-categorique-des-elections","status":"publish","type":"post","link":"https:\/\/linitiative.ca\/International\/mascara-rejet-categorique-des-elections\/","title":{"rendered":"Mascara : Rejet \u00abcat\u00e9gorique\u00bb des \u00e9lections"},"content":{"rendered":"<h4 class=\"title-14\"\/>\n<div class=\"featured_image\"><img loading=\"lazy\" decoding=\"async\" width=\"1238\" height=\"694\" src=\"https:\/\/www.elwatan.com\/wp-content\/uploads\/2019\/11\/Hirak-%C3%A0-Mascara.jpg\" class=\"attachment-post-thumbnail size-post-thumbnail wp-post-image\" alt=\"\" srcset=\"https:\/\/www.elwatan.com\/wp-content\/uploads\/2019\/11\/Hirak-\u00e0-Mascara.jpg 1238w, https:\/\/www.elwatan.com\/wp-content\/uploads\/2019\/11\/Hirak-\u00e0-Mascara-300x168.jpg 300w, https:\/\/www.elwatan.com\/wp-content\/uploads\/2019\/11\/Hirak-\u00e0-Mascara-768x431.jpg 768w, https:\/\/www.elwatan.com\/wp-content\/uploads\/2019\/11\/Hirak-\u00e0-Mascara-1024x574.jpg 1024w\" sizes=\"auto, (max-width: 1238px) 100vw, 1238px\"\/><span class=\"featured-image-caption\">Photo : El Watan<\/span><\/div>\n<p>Ce vendredi 22 novembre, les militants du hirak dans les villes de Mascara et de Mohammadia ont r\u00e9it\u00e9r\u00e9 leur rejet de l\u2019\u00e9lection pr\u00e9sidentielle du 12 d\u00e9cembre prochain.<\/p>\n<p>Les slogans\u00a0: \u00abMakanche intikhabate ma\u00e2 el-issabate (Pas d\u2019\u00e9lections avec les gangs)\u00bb et \u00abEli y\u2019vot\u00e9 khayene watani (Celui qui vote est un traite \u00e0 la nation)\u00bb ont \u00e9t\u00e9 scand\u00e9 \u00e0 plusieurs reprise par les manifestants.<\/p>\n<p>\u00ab\u00c0 quoi sert de voter\u00a0?\u00bb, s\u2019interroge un jeune. \u00abPour que les pr\u00e9dateurs au pouvoir, leurs enfants et leurs proches s\u2019enrichissent\u00bb, lui r\u00e9pond son ami drap\u00e9 de l\u2019embl\u00e8me national avant l\u2019entame de la marche, \u00e0 la place \u00c9mir Abdelkader, \u00e0 Mascara.<\/p>\n<p>\u00abIls veulent qu\u2019on aillent voter pour qu\u2019ils continuent \u00e0 s\u2019enrichir en pillant ce qui reste des richesses du pays. Non, makanche el-intikhabate ma\u00e2 el-issabate (il n\u2019y aura pas de vote avec les bandes de voleurs), nous continuons \u00e0 sensibiliser nos proches, nos voisins et autres citoyens par tous les moyens dont nous disposons sur la n\u00e9cessiter de rejeter les prochaines \u00e9lections et de poursuivre la mobilisation jusqu\u2019\u00e0 satisfaction des revendications du hirak\u00bb, nous dira ce jeune artiste d\u2019un air nerveux.<\/p>\n<p><span class=\"post-views-label\">Post Views:<\/span> <span class=\"post-views-count\">102<\/span><\/p>\n<p><br class=\"c2\"\/><\/p>\n<p>Auteur: Mohand Yahiaoui<br \/>\n<a href=\"https:\/\/www.elwatan.com\/edition\/actualite\/mascara-rejet-categorique-des-elections-22-11-2019\">Cliquez ici pour lire l&rsquo;article depuis sa source.<\/a><\/p>\n","protected":false},"excerpt":{"rendered":"<p>Photo : El Watan Ce vendredi 22 novembre, les militants du hirak dans les villes de Mascara et de Mohammadia ont r\u00e9it\u00e9r\u00e9 leur rejet de l\u2019\u00e9lection pr\u00e9sidentielle du 12 d\u00e9cembre prochain. Les slogans\u00a0: \u00abMakanche intikhabate ma\u00e2 el-issabate (Pas d\u2019\u00e9lections avec les gangs)\u00bb et \u00abEli y\u2019vot\u00e9 khayene watani (Celui qui vote est un traite \u00e0 la [&hellip;]<\/p>\n","protected":false},"author":1743,"featured_media":68282,"comment_status":"closed","ping_status":"closed","sticky":false,"template":"","format":"standard","meta":{"fifu_image_url":"","fifu_image_alt":"","footnotes":""},"categories":[73,53],"tags":[],"class_list":["post-68281","post","type-post","status-publish","format-standard","has-post-thumbnail","hentry","category-actualite","category-algerie"],"_links":{"self":[{"href":"https:\/\/linitiative.ca\/International\/wp-json\/wp\/v2\/posts\/68281","targetHints":{"allow":["GET"]}}],"collection":[{"href":"https:\/\/linitiative.ca\/International\/wp-json\/wp\/v2\/posts"}],"about":[{"href":"https:\/\/linitiative.ca\/International\/wp-json\/wp\/v2\/types\/post"}],"author":[{"embeddable":true,"href":"https:\/\/linitiative.ca\/International\/wp-json\/wp\/v2\/users\/1743"}],"replies":[{"embeddable":true,"href":"https:\/\/linitiative.ca\/International\/wp-json\/wp\/v2\/comments?post=68281"}],"version-history":[{"count":0,"href":"https:\/\/linitiative.ca\/International\/wp-json\/wp\/v2\/posts\/68281\/revisions"}],"wp:featuredmedia":[{"embeddable":true,"href":"https:\/\/linitiative.ca\/International\/wp-json\/"}],"wp:attachment":[{"href":"https:\/\/linitiative.ca\/International\/wp-json\/wp\/v2\/media?parent=68281"}],"wp:term":[{"taxonomy":"category","embeddable":true,"href":"https:\/\/linitiative.ca\/International\/wp-json\/wp\/v2\/categories?post=68281"},{"taxonomy":"post_tag","embeddable":true,"href":"https:\/\/linitiative.ca\/International\/wp-json\/wp\/v2\/tags?post=68281"}],"curies":[{"name":"wp","href":"https:\/\/api.w.org\/{rel}","templated":true}]}}