{"id":68295,"date":"2019-11-22T10:41:06","date_gmt":"2019-11-22T15:41:06","guid":{"rendered":"https:\/\/linitiative.ca\/International\/wac-rca-la-defaite-est-interdite\/"},"modified":"2019-11-22T10:41:06","modified_gmt":"2019-11-22T15:41:06","slug":"wac-rca-la-defaite-est-interdite","status":"publish","type":"post","link":"https:\/\/linitiative.ca\/International\/wac-rca-la-defaite-est-interdite\/","title":{"rendered":"WAC-RCA : la d\u00e9faite est interdite"},"content":{"rendered":"<p><strong>Le match retour des huiti\u00e8mes de finale de la Coupe Mohammed VI se tiendra ce samedi au<\/strong> <strong>Stade Mohammed V entre les deux p\u00f4les du football marocain, le Raja et le Wydad.<\/strong><\/p>\n<div class=\"c10\"\/>\n<p>Ce match retour est ouvert \u00e0 toutes les possibilit\u00e9s en raison du match aller qui s\u2019est sold\u00e9 par un nul (1-1), un r\u00e9sultat relativement b\u00e9n\u00e9fique au Wydad qui compte ainsi un but inscrit \u00e0 l\u2019ext\u00e9rieur.<\/p>\n<p>Ce r\u00e9sultat oblige donc l\u2019\u00e9quipe du Raja \u00e0 chercher \u00e0 marquer des buts, tandis que le WAC va tout faire pour conserver cet avantage acquis \u00e0 l\u2019aller. Le match constitue un d\u00e9fi majeur pour les aigles verts apr\u00e8s le licenciement du s\u00e9lectionneur fran\u00e7ais Patrice Carteron en raison des r\u00e9sultats n\u00e9gatifs. Ce dernier a \u00e9t\u00e9 remplac\u00e9 par Jamal Salami dont le premier challenge est d\u2019assurer la qualification du Raja pour les quarts de finale de la Coupe Mohammed VI.<\/p>\n<p>Lors de ce match, le Wydad ne pourra pas compter sur cinq joueurs, dont trois en raison de blessure : Salaheddine Al-Saidi, Walid Al-Karti et Zuhair Al-Moutarji. Le Raja, de son c\u00f4t\u00e9, devra faire sans trois de ses joueurs lors de cette confrontation : Omar Boutayeb, Omar El Arjoun et Abdelilah Hafidi.<\/p>\n<div class=\"c17\">\n<fieldset class=\"c16\">\n<legend><strong><span class=\"c11\">Challenge<\/span><span class=\"c12\">news<\/span><\/strong><\/legend>\n<div class=\"c15\">Le meilleur de Challenge s\u00e9lectionn\u00e9 par la r\u00e9daction :<\/p>\n<\/div>\n<\/fieldset>\n<\/div>\n<p>Auteur: Hajar DARI<br \/>\n<a href=\"https:\/\/www.challenge.ma\/wac-rca-la-defaite-est-interdite-123826\/\">Cliquez ici pour lire l&rsquo;article depuis sa source.<\/a><\/p>\n","protected":false},"excerpt":{"rendered":"<p>Le match retour des huiti\u00e8mes de finale de la Coupe Mohammed VI se tiendra ce samedi au Stade Mohammed V entre les deux p\u00f4les du football marocain, le Raja et le Wydad. Ce match retour est ouvert \u00e0 toutes les possibilit\u00e9s en raison du match aller qui s\u2019est sold\u00e9 par un nul (1-1), un r\u00e9sultat [&hellip;]<\/p>\n","protected":false},"author":1787,"featured_media":0,"comment_status":"closed","ping_status":"closed","sticky":false,"template":"","format":"standard","meta":{"fifu_image_url":"","fifu_image_alt":"","footnotes":""},"categories":[78,54],"tags":[],"class_list":["post-68295","post","type-post","status-publish","format-standard","hentry","category-economie","category-maroc"],"_links":{"self":[{"href":"https:\/\/linitiative.ca\/International\/wp-json\/wp\/v2\/posts\/68295","targetHints":{"allow":["GET"]}}],"collection":[{"href":"https:\/\/linitiative.ca\/International\/wp-json\/wp\/v2\/posts"}],"about":[{"href":"https:\/\/linitiative.ca\/International\/wp-json\/wp\/v2\/types\/post"}],"author":[{"embeddable":true,"href":"https:\/\/linitiative.ca\/International\/wp-json\/wp\/v2\/users\/1787"}],"replies":[{"embeddable":true,"href":"https:\/\/linitiative.ca\/International\/wp-json\/wp\/v2\/comments?post=68295"}],"version-history":[{"count":0,"href":"https:\/\/linitiative.ca\/International\/wp-json\/wp\/v2\/posts\/68295\/revisions"}],"wp:attachment":[{"href":"https:\/\/linitiative.ca\/International\/wp-json\/wp\/v2\/media?parent=68295"}],"wp:term":[{"taxonomy":"category","embeddable":true,"href":"https:\/\/linitiative.ca\/International\/wp-json\/wp\/v2\/categories?post=68295"},{"taxonomy":"post_tag","embeddable":true,"href":"https:\/\/linitiative.ca\/International\/wp-json\/wp\/v2\/tags?post=68295"}],"curies":[{"name":"wp","href":"https:\/\/api.w.org\/{rel}","templated":true}]}}