{"id":68308,"date":"2019-11-22T16:18:03","date_gmt":"2019-11-22T21:18:03","guid":{"rendered":"https:\/\/linitiative.ca\/International\/le-president-egyptien-recoit-le-ministre-marocain-des-ae\/"},"modified":"2019-11-22T16:18:03","modified_gmt":"2019-11-22T21:18:03","slug":"le-president-egyptien-recoit-le-ministre-marocain-des-ae","status":"publish","type":"post","link":"https:\/\/linitiative.ca\/International\/le-president-egyptien-recoit-le-ministre-marocain-des-ae\/","title":{"rendered":"Le pr\u00e9sident \u00e9gyptien re\u00e7oit le ministre marocain des AE"},"content":{"rendered":"<div readability=\"32\">\n<p>Publi\u00e9 le 22.11.2019 \u00e0 22h18 par APA News<\/p>\n<\/div>\n<div readability=\"64\">\n<p>Le pr\u00e9sident \u00e9gyptien, Abdel Fattah Al-Sisi a re\u00e7u, vendredi au Caire, le ministre marocain des Affaires \u00e9trang\u00e8res, Nasser Bourita, en marge de la Conf\u00e9rence sur l\u2019investissement en Afrique 2019.Par Mohamed Fayed<\/p>\n<p>Lors de cette rencontre, le pr\u00e9sident \u00e9gyptien a soulign\u00e9 la volont\u00e9 de son pays \u00a0de faire progresser les relations de coop\u00e9ration entre les deux pays \u00e0 diff\u00e9rents niveaux et de les ouvrir \u00e0 des horizons plus larges, a indiqu\u00e9 le porte-parole de la pr\u00e9sidence, l\u2019ambassadeur Bassam Radi.<\/p>\n<p>Pour sa part, le ministre marocain a remis au pr\u00e9sident \u00e9gyptien un message \u00e9crit du Roi Mohammed VI dans lequel il a soulign\u00e9 son int\u00e9r\u00eat pour le renforcement de la coop\u00e9ration avec l\u2019\u00c9gypte et l\u2019importance d\u2019intensifier les \u00e9changes et d\u2019explorer de nouveaux horizons de coop\u00e9ration commune.<\/p>\n<p>Le porte-parole a ajout\u00e9 que la rencontre a \u00e9t\u00e9 une occasion de discuter les derniers d\u00e9veloppements dans nombre de questions r\u00e9gionales d\u2019int\u00e9r\u00eat commun, notamment la situation en Libye.<\/p>\n<p>Sur cette question, les deux parties ont soulign\u00e9 l\u2019importance de soutenir les institutions de l\u2019\u00c9tat libyen et le r\u00f4le essentiel de l\u2019arm\u00e9e nationale libyenne dans la lutte contre le terrorisme, la s\u00e9curit\u00e9 et la stabilit\u00e9 et le maintien de l\u2019unit\u00e9 et de la souverainet\u00e9 de la Libye.<\/p>\n<\/div>\n<p>Auteur: APA News<br \/>\n<a href=\"https:\/\/www.journalducameroun.com\/le-president-egyptien-recoit-le-ministre-marocain-des-ae\/\">Cliquez ici pour lire l&rsquo;article depuis sa source.<\/a><\/p>\n","protected":false},"excerpt":{"rendered":"<p>Publi\u00e9 le 22.11.2019 \u00e0 22h18 par APA News Le pr\u00e9sident \u00e9gyptien, Abdel Fattah Al-Sisi a re\u00e7u, vendredi au Caire, le ministre marocain des Affaires \u00e9trang\u00e8res, Nasser Bourita, en marge de la Conf\u00e9rence sur l\u2019investissement en Afrique 2019.Par Mohamed Fayed Lors de cette rencontre, le pr\u00e9sident \u00e9gyptien a soulign\u00e9 la volont\u00e9 de son pays \u00a0de faire [&hellip;]<\/p>\n","protected":false},"author":1965,"featured_media":0,"comment_status":"closed","ping_status":"closed","sticky":false,"template":"","format":"standard","meta":{"fifu_image_url":"","fifu_image_alt":"","footnotes":""},"categories":[73,82],"tags":[],"class_list":["post-68308","post","type-post","status-publish","format-standard","hentry","category-actualite","category-cameroun"],"_links":{"self":[{"href":"https:\/\/linitiative.ca\/International\/wp-json\/wp\/v2\/posts\/68308","targetHints":{"allow":["GET"]}}],"collection":[{"href":"https:\/\/linitiative.ca\/International\/wp-json\/wp\/v2\/posts"}],"about":[{"href":"https:\/\/linitiative.ca\/International\/wp-json\/wp\/v2\/types\/post"}],"author":[{"embeddable":true,"href":"https:\/\/linitiative.ca\/International\/wp-json\/wp\/v2\/users\/1965"}],"replies":[{"embeddable":true,"href":"https:\/\/linitiative.ca\/International\/wp-json\/wp\/v2\/comments?post=68308"}],"version-history":[{"count":0,"href":"https:\/\/linitiative.ca\/International\/wp-json\/wp\/v2\/posts\/68308\/revisions"}],"wp:attachment":[{"href":"https:\/\/linitiative.ca\/International\/wp-json\/wp\/v2\/media?parent=68308"}],"wp:term":[{"taxonomy":"category","embeddable":true,"href":"https:\/\/linitiative.ca\/International\/wp-json\/wp\/v2\/categories?post=68308"},{"taxonomy":"post_tag","embeddable":true,"href":"https:\/\/linitiative.ca\/International\/wp-json\/wp\/v2\/tags?post=68308"}],"curies":[{"name":"wp","href":"https:\/\/api.w.org\/{rel}","templated":true}]}}