{"id":68309,"date":"2019-11-22T16:18:05","date_gmt":"2019-11-22T21:18:05","guid":{"rendered":"https:\/\/linitiative.ca\/International\/maroc-le-taux-de-mortalite-des-enfants-de-moins-de-5-ans-est-passe-de-79-a-22-pour-mille-entre-1990-et-2018-chef-de-gouvernement\/"},"modified":"2019-11-22T16:18:05","modified_gmt":"2019-11-22T21:18:05","slug":"maroc-le-taux-de-mortalite-des-enfants-de-moins-de-5-ans-est-passe-de-79-a-22-pour-mille-entre-1990-et-2018-chef-de-gouvernement","status":"publish","type":"post","link":"https:\/\/linitiative.ca\/International\/maroc-le-taux-de-mortalite-des-enfants-de-moins-de-5-ans-est-passe-de-79-a-22-pour-mille-entre-1990-et-2018-chef-de-gouvernement\/","title":{"rendered":"Maroc : Le taux de mortalit\u00e9 des enfants de moins de 5 ans est pass\u00e9 de 79 \u00e0 22 pour mille entre 1990 et 2018 (chef de gouvernement)"},"content":{"rendered":"<div readability=\"32\">\n<p>Publi\u00e9 le 22.11.2019 \u00e0 22h18 par APA News<\/p>\n<\/div>\n<div readability=\"130\">\n<p>Le taux de mortalit\u00e9 des enfants de moins de 5 ans est pass\u00e9 de 79 \u00e0 22 pour mille entre 1990 et 2018, d\u00e9passant l\u2019objectif de 2030 pour le d\u00e9veloppement durable fix\u00e9 \u00e0 27 pour mille, s\u2019est f\u00e9licit\u00e9 le Chef du gouvernement, Sa\u00e2d Eddine El Otmani.Le Royaume a r\u00e9alis\u00e9 des avanc\u00e9es importantes en mati\u00e8re des droits des enfants \u00e0 la faveur des efforts cumul\u00e9s sur les plans l\u00e9gislatif et organisationnel depuis la ratification par le Royaume de la Convention Internationale des Droits de l\u2019Enfant (CIDE), a indiqu\u00e9 M. El Otmani lors d\u2019une Journ\u00e9e institutionnelle sous le th\u00e8me \u00ab L\u2019enfant au coeur du nouveau mod\u00e8le de d\u00e9veloppement \u00bb, dans le cadre de la 16\u00e8me \u00e9dition du Congr\u00e8s National des Droits de l\u2019enfant.<\/p>\n<p>Il a, dans ce sillage, soulign\u00e9 que \u00a0cette Convention internationale est devenue une r\u00e9f\u00e9rence essentielle de plusieurs politiques, plans et programmes nationaux relatifs \u00e0 cette cat\u00e9gorie, notant que le Maroc a \u00e9t\u00e9 parmi les premiers pays \u00e0 avoir ratifi\u00e9 cette Convention, \u00e0 New York en 1989.<\/p>\n<p>M. El Otmani a, d\u2019autre part, indiqu\u00e9 que la Constitution de 2011 a marqu\u00e9 un tournant historique suppl\u00e9mentaire dans la promotion du droit de l\u2019enfant \u00e0 la protection, en le consacrant comme droit constitutionnel.<\/p>\n<p>Il a, en outre, not\u00e9 que l\u2019adh\u00e9sion du Royaume aux Objectifs du Mill\u00e9naire pour le D\u00e9veloppement, en 2000, a \u00e9t\u00e9 un tournant important dans l\u2019am\u00e9lioration des indicateurs relatifs \u00e0 la situation de l\u2019enfance \u00e0 divers niveaux, ajoutant que le cadre l\u00e9gislatif national en mati\u00e8re de protection de l\u2019enfance a connu une dynamique vertueuse tangible et constante, \u00e0 travers l\u2019adoption d\u2019une s\u00e9rie de textes organisationnels ayant favoris\u00e9 de v\u00e9ritables changements sur la sc\u00e8ne institutionnelle et la situation des droits de l\u2019enfant.<\/p>\n<p>M. El Otmani a aussi expliqu\u00e9 que le programme gouvernemental a renferm\u00e9 une s\u00e9rie d\u2019engagements concernant la protection de l\u2019enfance, pr\u00e9cisant que le quatri\u00e8me volet relatif au renforcement du d\u00e9veloppement humain et de la coh\u00e9sion sociale et territoriale, en particulier dans le domaine de la consolidation des syst\u00e8mes de protection sociale et d\u2019appui aux familles et enfants, comporte une batterie de mesures que les composantes de l\u2019Ex\u00e9cutif veillent \u00e0 mettre en \u0153uvre.<\/p>\n<p>En d\u00e9pit des efforts d\u00e9ploy\u00e9s au cours des derni\u00e8res ann\u00e9es, le Maroc demeure confront\u00e9 \u00e0 certains probl\u00e8mes qui se dressent devant la protection sociale de l\u2019enfant, alors que de nouvelles menaces inh\u00e9rentes aux mutations num\u00e9riques ont \u00e9merg\u00e9, suscitant un v\u00e9ritable danger pour l\u2019enfance, en g\u00e9n\u00e9ral, et celle en situation de pr\u00e9carit\u00e9, en particulier, a-t-il fait remarquer.<\/p>\n<p>Il a, dans ce sens, estim\u00e9 que les changements que conna\u00eet le Maroc sur les plan social, soci\u00e9tal et des valeurs, \u00e0 l\u2019instar des autres pays, n\u00e9cessite d\u2019accorder un int\u00e9r\u00eat particulier aux milieux naturels de protection des enfants (familles, institutions etc\u2026), faisant constater l\u2019existence de certains ph\u00e9nom\u00e8nes li\u00e9s \u00e0 la violence, \u00e0 l\u2019agression, \u00e0 la n\u00e9gligence et \u00e0 l\u2019exploitation dont font l\u2019objet les enfants qui peinent \u00e0 b\u00e9n\u00e9ficier de ces services de protection, notamment ceux en situation de rue.<\/p>\n<p>M. El Otmani a, ainsi, mis en avant les acquis importants cumul\u00e9s en mati\u00e8re de protection sociale, estimant, toutefois, que ces r\u00e9alisations demeurent en de\u00e7\u00e0 des aspirations et que ces services n\u00e9cessitent une mise \u00e0 niveau pour faire face aux d\u00e9fis nouveaux et renouvel\u00e9s.<\/p>\n<p>Initi\u00e9 par l\u2019Observatoire National des Droits de l\u2019Enfant (ONDE), le 16\u00e8me Congr\u00e8s national des droits de l\u2019enfant a entam\u00e9 ses travaux, mercredi, \u00e0 Marrakech. Il se veut l\u2019occasion de c\u00e9l\u00e9brer les 30 ans de la Convention Internationale des Droits de l\u2019Enfant (CIDE), de dresser le bilan de la situation de l\u2019enfance depuis la ratification de la CIDE par le Maroc et de mobiliser les forces vives du Royaume pour mettre l\u2019enfant au centre du nouveau mod\u00e8le de d\u00e9veloppement.<\/p>\n<p>Les conclusions et engagements qui seront pris \u00e0 Marrakech constitueront une nouvelle feuille de route int\u00e9gr\u00e9e, permettant ainsi au Maroc d\u2019optimiser son potentiel humain, v\u00e9ritable richesse immat\u00e9rielle qui accompagne la r\u00e9alisation de ses ambitions \u00e9conomiques, politiques, sociales et culturelles.<\/p>\n<\/div>\n<p>Auteur: APA News<br \/>\n<a href=\"https:\/\/www.journalducameroun.com\/maroc-le-taux-de-mortalite-des-enfants-de-moins-de-5-ans-est-passe-de-79-a-22-pour-mille-entre-1990-et-2018-chef-de-gouvernement\/\">Cliquez ici pour lire l&rsquo;article depuis sa source.<\/a><\/p>\n","protected":false},"excerpt":{"rendered":"<p>Publi\u00e9 le 22.11.2019 \u00e0 22h18 par APA News Le taux de mortalit\u00e9 des enfants de moins de 5 ans est pass\u00e9 de 79 \u00e0 22 pour mille entre 1990 et 2018, d\u00e9passant l\u2019objectif de 2030 pour le d\u00e9veloppement durable fix\u00e9 \u00e0 27 pour mille, s\u2019est f\u00e9licit\u00e9 le Chef du gouvernement, Sa\u00e2d Eddine El Otmani.Le Royaume [&hellip;]<\/p>\n","protected":false},"author":1965,"featured_media":0,"comment_status":"closed","ping_status":"closed","sticky":false,"template":"","format":"standard","meta":{"fifu_image_url":"","fifu_image_alt":"","footnotes":""},"categories":[73,82],"tags":[],"class_list":["post-68309","post","type-post","status-publish","format-standard","hentry","category-actualite","category-cameroun"],"_links":{"self":[{"href":"https:\/\/linitiative.ca\/International\/wp-json\/wp\/v2\/posts\/68309","targetHints":{"allow":["GET"]}}],"collection":[{"href":"https:\/\/linitiative.ca\/International\/wp-json\/wp\/v2\/posts"}],"about":[{"href":"https:\/\/linitiative.ca\/International\/wp-json\/wp\/v2\/types\/post"}],"author":[{"embeddable":true,"href":"https:\/\/linitiative.ca\/International\/wp-json\/wp\/v2\/users\/1965"}],"replies":[{"embeddable":true,"href":"https:\/\/linitiative.ca\/International\/wp-json\/wp\/v2\/comments?post=68309"}],"version-history":[{"count":0,"href":"https:\/\/linitiative.ca\/International\/wp-json\/wp\/v2\/posts\/68309\/revisions"}],"wp:attachment":[{"href":"https:\/\/linitiative.ca\/International\/wp-json\/wp\/v2\/media?parent=68309"}],"wp:term":[{"taxonomy":"category","embeddable":true,"href":"https:\/\/linitiative.ca\/International\/wp-json\/wp\/v2\/categories?post=68309"},{"taxonomy":"post_tag","embeddable":true,"href":"https:\/\/linitiative.ca\/International\/wp-json\/wp\/v2\/tags?post=68309"}],"curies":[{"name":"wp","href":"https:\/\/api.w.org\/{rel}","templated":true}]}}