{"id":68310,"date":"2019-11-22T16:50:03","date_gmt":"2019-11-22T21:50:03","guid":{"rendered":"https:\/\/linitiative.ca\/International\/ruffin-lfi-macron-nous-prend-pour-des-cons-une-deuxieme-fois\/"},"modified":"2019-11-22T16:50:03","modified_gmt":"2019-11-22T21:50:03","slug":"ruffin-lfi-macron-nous-prend-pour-des-cons-une-deuxieme-fois","status":"publish","type":"post","link":"https:\/\/linitiative.ca\/International\/ruffin-lfi-macron-nous-prend-pour-des-cons-une-deuxieme-fois\/","title":{"rendered":"Ruffin (LFI): Macron \u00ab\u00a0nous prend pour des cons une deuxi\u00e8me fois\u00a0\u00bb"},"content":{"rendered":"<div readability=\"32\">\n<p>Publi\u00e9 le 22.11.2019 \u00e0 22h50 par AFP<\/p>\n<\/div>\n<div readability=\"100\">\n<p>Emmanuel Macron \u00ab\u00a0nous prend pour des cons une deuxi\u00e8me fois\u00a0\u00bb en exprimant sa d\u00e9ception quant \u00e0 l\u2019ancien site de Whirlpool, a d\u00e9nonc\u00e9 vendredi le d\u00e9put\u00e9 LFI de la Somme Fran\u00e7ois Ruffin qui a exhort\u00e9 le pr\u00e9sident \u00e0 reconna\u00eetre que l\u2019\u00c9tat avait \u00ab\u00a0merd\u00e9\u00a0\u00bb, le projet de reprise s\u2019\u00e9tant sold\u00e9 par un \u00e9chec.<\/p>\n<p>En 2017, cinq mois apr\u00e8s son \u00e9lection, le pr\u00e9sident Macron visitait l\u2019usine avec un repreneur, WN, largement aid\u00e9 par l\u2019\u00c9tat, qui devait sauver une partie des emplois. Deux ans plus tard, WN est liquid\u00e9e.<\/p>\n<p>\u00ab\u00a0Venir il y a deux ans dire \u00e0 tous les salari\u00e9s qu\u2019ils seront repris alors que derri\u00e8re il n\u2019y a rien, c\u2019est nous prendre pour des cons. Et venir dire qu\u2019aujourd\u2019hui Emmanuel Macron, comme s\u2019il \u00e9tait un citoyen lambda (\u2026) est d\u00e9\u00e7u, c\u2019est nous prendre pour des cons une deuxi\u00e8me fois\u00a0\u00bb, a d\u00e9clar\u00e9 M. Ruffin aux journalistes en arrivant sur le parking de l\u2019usine, peu avant la rencontre du pr\u00e9sident avec les ex-salari\u00e9s.<\/p>\n<p>\u00ab\u00a0Moi j\u2019ai dit la v\u00e9rit\u00e9 \u00e0 Whirlpool\u00a0\u00bb, a martel\u00e9 le chef de l\u2019\u00c9tat, quelques minutes avant de revenir sur les lieux de son d\u00e9placement de campagne le plus embl\u00e9matique.<\/p>\n<p>Lors de la visite sur le site, le d\u00e9put\u00e9 de la Somme a de nouveau vivement interpell\u00e9 M. Macron: \u00ab\u00a0je pense que vous grandiriez l\u2019\u00c9tat \u00e0 admettre que vous avez merd\u00e9, \u00e0 la limite pas vous personnellement, mais pendant qu\u2019ici rien ne se produisait, que c\u2019\u00e9tait la catastrophe, que tout le monde pouvait voir que \u00e7a allait dans le mur, il y avait des signaux envoy\u00e9s \u00e0 l\u2019ext\u00e9rieur et on n\u2019a pas eu de r\u00e9ponse\u00a0\u00bb.<\/p>\n<p>\u00ab\u00a0Cette fameuse reprise, j\u2019ai l\u2019impression que cela a \u00e9t\u00e9 un montage entre le gouvernement actuel, entre vous, M. Macron, et Whirlpool et un repreneur v\u00e9reux qui s\u2019appelle Decayeux (ex-patron de WN, ndlr)\u00a0\u00bb, a rench\u00e9ri Patrice Sinoquet, d\u00e9l\u00e9gu\u00e9 CFDT ex-Whirlpool.<\/p>\n<p>\u00ab\u00a0Il faut qu\u2019il trouve les mots pour expliquer aux salari\u00e9s comment cela se fait qu\u2019il est venu leur taper sur l\u2019\u00e9paule et qu\u2019il n\u2019y a eu aucun suivi derri\u00e8re, et qu\u2019on les a laiss\u00e9s foncer droit dans le mur\u00a0\u00bb, avait d\u00e9clar\u00e9 avant cette visite M. Ruffin.<\/p>\n<p>\u00ab\u00a0Il y a beaucoup de choses qui n\u00e9cessitent des explications et j\u2019esp\u00e8re qu\u2019elles ne se d\u00e9rouleront pas derri\u00e8re des portes closes\u00a0\u00bb, avait-il ajout\u00e9. \u00ab\u00a0J\u2019esp\u00e8re que tout le monde sera \u00e9galement convi\u00e9 \u00e0 une jolie promenade \u00e0 l\u2019int\u00e9rieur d\u2019entrep\u00f4ts qui sont vides ! C\u2019est un d\u00e9sert \u00e0 l\u2019int\u00e9rieur!\u00a0\u00bb. \u00ab\u00a0Les 190 salari\u00e9s faisaient des tours Eiffel avec spaghettis pour s\u2019occuper (\u2026) Les syndicats ont alert\u00e9, j\u2019ai alert\u00e9, et nous n\u2019avons eu aucune r\u00e9ponse de l\u2019Elys\u00e9e, du minist\u00e8re du Travail\u00a0\u00bb, a-t-il encore regrett\u00e9.<\/p>\n<\/div>\n<p>Auteur: AFP<br \/>\n<a href=\"https:\/\/www.journalducameroun.com\/ruffin-lfi-macron-nous-prend-pour-des-cons-une-deuxieme-fois\/\">Cliquez ici pour lire l&rsquo;article depuis sa source.<\/a><\/p>\n","protected":false},"excerpt":{"rendered":"<p>Publi\u00e9 le 22.11.2019 \u00e0 22h50 par AFP Emmanuel Macron \u00ab\u00a0nous prend pour des cons une deuxi\u00e8me fois\u00a0\u00bb en exprimant sa d\u00e9ception quant \u00e0 l\u2019ancien site de Whirlpool, a d\u00e9nonc\u00e9 vendredi le d\u00e9put\u00e9 LFI de la Somme Fran\u00e7ois Ruffin qui a exhort\u00e9 le pr\u00e9sident \u00e0 reconna\u00eetre que l\u2019\u00c9tat avait \u00ab\u00a0merd\u00e9\u00a0\u00bb, le projet de reprise s\u2019\u00e9tant sold\u00e9 [&hellip;]<\/p>\n","protected":false},"author":1965,"featured_media":0,"comment_status":"closed","ping_status":"closed","sticky":false,"template":"","format":"standard","meta":{"fifu_image_url":"","fifu_image_alt":"","footnotes":""},"categories":[73,82],"tags":[],"class_list":["post-68310","post","type-post","status-publish","format-standard","hentry","category-actualite","category-cameroun"],"_links":{"self":[{"href":"https:\/\/linitiative.ca\/International\/wp-json\/wp\/v2\/posts\/68310","targetHints":{"allow":["GET"]}}],"collection":[{"href":"https:\/\/linitiative.ca\/International\/wp-json\/wp\/v2\/posts"}],"about":[{"href":"https:\/\/linitiative.ca\/International\/wp-json\/wp\/v2\/types\/post"}],"author":[{"embeddable":true,"href":"https:\/\/linitiative.ca\/International\/wp-json\/wp\/v2\/users\/1965"}],"replies":[{"embeddable":true,"href":"https:\/\/linitiative.ca\/International\/wp-json\/wp\/v2\/comments?post=68310"}],"version-history":[{"count":0,"href":"https:\/\/linitiative.ca\/International\/wp-json\/wp\/v2\/posts\/68310\/revisions"}],"wp:attachment":[{"href":"https:\/\/linitiative.ca\/International\/wp-json\/wp\/v2\/media?parent=68310"}],"wp:term":[{"taxonomy":"category","embeddable":true,"href":"https:\/\/linitiative.ca\/International\/wp-json\/wp\/v2\/categories?post=68310"},{"taxonomy":"post_tag","embeddable":true,"href":"https:\/\/linitiative.ca\/International\/wp-json\/wp\/v2\/tags?post=68310"}],"curies":[{"name":"wp","href":"https:\/\/api.w.org\/{rel}","templated":true}]}}