{"id":68311,"date":"2019-11-22T16:50:10","date_gmt":"2019-11-22T21:50:10","guid":{"rendered":"https:\/\/linitiative.ca\/International\/trump-anime-un-debat-passionne-sur-le-vapotage-mais-ne-tranche-pas\/"},"modified":"2019-11-22T16:50:10","modified_gmt":"2019-11-22T21:50:10","slug":"trump-anime-un-debat-passionne-sur-le-vapotage-mais-ne-tranche-pas","status":"publish","type":"post","link":"https:\/\/linitiative.ca\/International\/trump-anime-un-debat-passionne-sur-le-vapotage-mais-ne-tranche-pas\/","title":{"rendered":"Trump anime un d\u00e9bat passionn\u00e9 sur le vapotage, mais ne tranche pas"},"content":{"rendered":"<div readability=\"32\">\n<p>Publi\u00e9 le 22.11.2019 \u00e0 22h50 par AFP<\/p>\n<\/div>\n<div readability=\"132\">\n<p>\u00ab\u00a0C\u2019est un sujet tr\u00e8s complexe, je suis l\u00e0 pour \u00e9couter\u00a0\u00bb. Donald Trump a anim\u00e9 vendredi \u00e0 la Maison Blanche un d\u00e9bat vif et passionn\u00e9 sur le vapotage et l\u2019impact des versions aromatis\u00e9es des cigarettes \u00e9lectroniques sur les jeunes.<\/p>\n<p>Apr\u00e8s avoir \u00e9voqu\u00e9, mi-septembre depuis le Bureau ovale, une interdiction de tous les ar\u00f4mes, sauf le go\u00fbt tabac, le pr\u00e9sident am\u00e9ricain semble avoir, au moins temporairement, capitul\u00e9 face \u00e0 la vigoureuse campagne de lobbying de l\u2019industrie du tabac et du vapotage.<\/p>\n<p>Il y a dix jours, il a annonc\u00e9 qu\u2019il entendait rencontrer tous les acteurs afin de trouver \u00ab\u00a0une solution acceptable\u00a0\u00bb. \u00ab\u00a0La sant\u00e9 et la s\u00e9curit\u00e9 des enfants, avec les emplois, seront les priorit\u00e9s\u00a0\u00bb, avait-il alors tweet\u00e9, tr\u00e8s prudent.<\/p>\n<p>L\u2019industrie du vapotage est accus\u00e9e d\u2019avoir longtemps cibl\u00e9 les jeunes, avec des recharges aromatis\u00e9es aux fruits ou aux bonbons, et de rendre ainsi une nouvelle g\u00e9n\u00e9ration d\u00e9pendante \u00e0 la nicotine. Ses d\u00e9fenseurs mettent en garde contre le co\u00fbt en termes d\u2019emplois d\u2019une interdiction et mettent en avant le r\u00f4le des cigarettes \u00e9lectroniques pour aider les fumeurs \u00e0 arr\u00eater la cigarette.<\/p>\n<p>Vendredi, Donald Trump n\u2019a pas pris position mais anim\u00e9 avec \u00e9nergie, pendant plus d\u2019une d\u2019un heure, un d\u00e9bat sur ce th\u00e8me, bombardant les gens autour de la table de questions et assistant \u00e0 des \u00e9changes parfois houleux.<\/p>\n<p>\u00ab\u00a0Quelle est votre solution?\u00a0\u00bb \u00ab\u00a0Que feriez-vous?\u00a0\u00bb \u00ab\u00a0Que pensez-vous du menthol?\u00a0\u00bb \u00ab\u00a0Diriez-vous que c\u2019est un probl\u00e8me moins grave que la cigarette?\u00a0\u00bb \u00ab\u00a0Est-ce que vous pensez que cela aider les gens \u00e0 arr\u00eater la cigarette?\u00a0\u00bb \u00ab\u00a0Combien d\u2019enfants continueront \u00e0 les utiliser si nous supprimons les versions aromatis\u00e9s?\u00a0\u00bb. \u00ab\u00a0Ajouteront-ils eux-m\u00eame des ar\u00f4mes?\u00a0\u00bb. \u00ab\u00a0Beaucoup de gens veulent garder le parfum menthol, supprimer les autres mais garder le menthol, qu\u2019en pensez-vous?\u00a0\u00bb.<\/p>\n<p>Nombre d\u2019associations anti-tabac et l\u2019American Cancer Society ont demand\u00e9 au pr\u00e9sident de tout simplement s\u2019en tenir \u00e0 sa proposition initiale et d\u2019interdire tous les ar\u00f4mes.<\/p>\n<p>Prudent sur ce front, le pr\u00e9sident am\u00e9ricain a en revanche estim\u00e9 qu\u2019il serait logique de fixer \u00e0 21 ans l\u2019\u00e2ge minimum pour acheter des cigarettes \u00e9lectroniques (aujourd\u2019hui seuls 18 des 50 Etats ont cet \u00e2ge plancher).<\/p>\n<p>\u2013 \u00ab\u00a0Urgence sanitaire\u00a0\u00bb \u2013<\/p>\n<p>Donald Trump a montr\u00e9 un int\u00e9r\u00eat particulier pour Juul, le leader des cigarettes \u00e9lectroniques aux Etats-Unis, qui a cess\u00e9 de vendre ses recharges aromatis\u00e9es \u00e0 la mangue ou \u00e0 la menthe, tr\u00e8s pris\u00e9es des lyc\u00e9ens, mais d\u00e9fend le menthol, un go\u00fbt connu des fumeurs.<\/p>\n<p>\u00ab\u00a0Vous \u00eates le patron de Juul, qu\u2019avez-vous \u00e0 dire ? Pourquoi avez-vous retir\u00e9 les produits aromatis\u00e9s ? Vous pensez qu\u2019ils sont fondamentalement dangereux?\u00a0\u00bb<\/p>\n<p>A plusieurs reprises, le milliardaire r\u00e9publicain, visiblement sensible \u00e0 certains des arguments de l\u2019industrie du tabac, a mis en avant celui selon lequel une interdiction des versions aromatis\u00e9es entra\u00eenerait l\u2019arriv\u00e9e de produits de contrebande de moins bonne qualit\u00e9.<\/p>\n<p>Des recharges au cannabis vendues sur le march\u00e9 noir sont d\u2019ailleurs \u00e0 l\u2019origine de l\u2019\u00e9pid\u00e9mie de maladies pulmonaires graves qui a fait plus de 2.00 malades et 47 morts depuis l\u2019\u00e9t\u00e9 aux Etats-Unis, une crise de sant\u00e9 publique venue se greffer sur le d\u00e9bat sur le vapotage et les jeunes.<\/p>\n<p>\u00ab\u00a0Un des probl\u00e8mes que je vois est que si vous ne les mettez pas en vente, ces produits vont entrer aux Etats-Unis ill\u00e9galement\u00a0\u00bb, a-t-il lanc\u00e9, rappelant les effets collat\u00e9raux de la prohibition. \u00ab\u00a0Quelqu\u2019un va ouvrir une usine en Chine et envoyer des produits\u00a0\u00bb.<\/p>\n<p>Le s\u00e9nateur Mitt Romney, l\u2019une des rares voix critiques du pr\u00e9sident au sein du parti r\u00e9publicain, \u00e9tait assis \u00e0 la droite de ce dernier.<\/p>\n<p>Il s\u2019est prononc\u00e9 tr\u00e8s clairement en faveur de l\u2019interdiction des produits parfum\u00e9s telle qu\u2019\u00e9voqu\u00e9e il y a deux mois par le locataire de la Maison Blanche.<\/p>\n<p>\u00ab\u00a0C\u2019est une urgence sanitaire\u00a0\u00bb, a-t-il martel\u00e9. \u00ab\u00a0Les enfants doivent \u00eatre la priorit\u00e9\u00a0\u00bb, a-t-il ass\u00e9n\u00e9 lors d\u2019un \u00e9change houleux avec les repr\u00e9sentant de l\u2019industrie.<\/p>\n<\/div>\n<p>Auteur: AFP<br \/>\n<a href=\"https:\/\/www.journalducameroun.com\/trump-anime-un-debat-passionne-sur-le-vapotage-mais-ne-tranche-pas\/\">Cliquez ici pour lire l&rsquo;article depuis sa source.<\/a><\/p>\n","protected":false},"excerpt":{"rendered":"<p>Publi\u00e9 le 22.11.2019 \u00e0 22h50 par AFP \u00ab\u00a0C\u2019est un sujet tr\u00e8s complexe, je suis l\u00e0 pour \u00e9couter\u00a0\u00bb. Donald Trump a anim\u00e9 vendredi \u00e0 la Maison Blanche un d\u00e9bat vif et passionn\u00e9 sur le vapotage et l\u2019impact des versions aromatis\u00e9es des cigarettes \u00e9lectroniques sur les jeunes. Apr\u00e8s avoir \u00e9voqu\u00e9, mi-septembre depuis le Bureau ovale, une interdiction [&hellip;]<\/p>\n","protected":false},"author":1965,"featured_media":0,"comment_status":"closed","ping_status":"closed","sticky":false,"template":"","format":"standard","meta":{"fifu_image_url":"","fifu_image_alt":"","footnotes":""},"categories":[73,82],"tags":[],"class_list":["post-68311","post","type-post","status-publish","format-standard","hentry","category-actualite","category-cameroun"],"_links":{"self":[{"href":"https:\/\/linitiative.ca\/International\/wp-json\/wp\/v2\/posts\/68311","targetHints":{"allow":["GET"]}}],"collection":[{"href":"https:\/\/linitiative.ca\/International\/wp-json\/wp\/v2\/posts"}],"about":[{"href":"https:\/\/linitiative.ca\/International\/wp-json\/wp\/v2\/types\/post"}],"author":[{"embeddable":true,"href":"https:\/\/linitiative.ca\/International\/wp-json\/wp\/v2\/users\/1965"}],"replies":[{"embeddable":true,"href":"https:\/\/linitiative.ca\/International\/wp-json\/wp\/v2\/comments?post=68311"}],"version-history":[{"count":0,"href":"https:\/\/linitiative.ca\/International\/wp-json\/wp\/v2\/posts\/68311\/revisions"}],"wp:attachment":[{"href":"https:\/\/linitiative.ca\/International\/wp-json\/wp\/v2\/media?parent=68311"}],"wp:term":[{"taxonomy":"category","embeddable":true,"href":"https:\/\/linitiative.ca\/International\/wp-json\/wp\/v2\/categories?post=68311"},{"taxonomy":"post_tag","embeddable":true,"href":"https:\/\/linitiative.ca\/International\/wp-json\/wp\/v2\/tags?post=68311"}],"curies":[{"name":"wp","href":"https:\/\/api.w.org\/{rel}","templated":true}]}}