{"id":68312,"date":"2019-11-22T16:50:17","date_gmt":"2019-11-22T21:50:17","guid":{"rendered":"https:\/\/linitiative.ca\/International\/reema-juffali-premiere-saoudienne-en-course-automobile-a-domicile\/"},"modified":"2019-11-22T16:50:17","modified_gmt":"2019-11-22T21:50:17","slug":"reema-juffali-premiere-saoudienne-en-course-automobile-a-domicile","status":"publish","type":"post","link":"https:\/\/linitiative.ca\/International\/reema-juffali-premiere-saoudienne-en-course-automobile-a-domicile\/","title":{"rendered":"Reema Juffali, premi\u00e8re Saoudienne en course automobile \u00e0 domicile"},"content":{"rendered":"<div readability=\"32\">\n<p>Publi\u00e9 le 22.11.2019 \u00e0 22h50 par AFP<\/p>\n<\/div>\n<div readability=\"133\">\n<p>\u00ab\u00a0C\u2019est incroyable\u00a0\u00bb : Reema Juffali, 27 ans, est ce weekend la premi\u00e8re Saoudienne \u00e0 participer dans son pays \u00e0 une comp\u00e9tition de course automobile, au volant d\u2019un SUV \u00e9lectrique.<\/p>\n<p>Un \u00e9v\u00e8nement inimaginable ces derni\u00e8res ann\u00e9es dans le royaume ultra conservateur. Mais en 2018, l\u2019Arabie saoudite a lev\u00e9 l\u2019interdiction faite aux femmes de conduire et de participer \u00e0 des comp\u00e9titions automobiles, dans le cadre des r\u00e9formes lanc\u00e9es par le prince h\u00e9ritier Mohammed ben Salmane.<\/p>\n<p>Reema Juffali a fait ses d\u00e9buts en course quelques mois plus tard. Vendredi et samedi, elle participe au Jaguar Trophy \u00e9lectrique, lors d\u2019une course en tout-\u00e9lectrique \u00e0 Dariya pr\u00e8s de Ryad.<\/p>\n<p>\u00ab\u00a0Je ne m\u2019attendais pas \u00e0 courir un jour comme professionnelle\u00a0\u00bb, dit \u00e0 l\u2019AFP la jeune femme, assise en combinaison de course dans sa Jaguar noire et verte. \u00ab\u00a0Le fait que je fasse cela\u2026 c\u2019est incroyable.\u00a0\u00bb<\/p>\n<p>Originaire de Jeddah (ouest), Reema Juffali a fait ses \u00e9tudes aux Etats-Unis. Elle participe \u00e0 la comp\u00e9tition en tant que pilote invit\u00e9 \u00ab\u00a0VIP\u00a0\u00bb, sans marquer de points pour le championnat, et devient ainsi la premi\u00e8re Saoudienne \u00e0 courir \u00e0 domicile.<\/p>\n<p>Pour le prince Abdel Aziz ben Turki al-Fay\u00e7al, pr\u00e9sident de l\u2019Autorit\u00e9 g\u00e9n\u00e9rale des Sports d\u2019Arabie saoudite, c\u2019est \u00ab\u00a0un tournant d\u00e9cisif\u00a0\u00bb pour le royaume. \u00ab\u00a0Des milliers de personnes vont venir encourager Reema.\u00a0\u00bb<\/p>\n<p>\u2013 24 Heures du Mans ? \u2013<\/p>\n<p>L\u2019une des premi\u00e8res apparitions en comp\u00e9tition de la Saoudienne a \u00e9t\u00e9 au championnat britannique de Formule 4 \u00e0 Brands Hatch, au sud-est de Londres, en avril.<\/p>\n<p>Mais Reema Juffali se passionne pour les voitures de course depuis l\u2019adolescence, abonn\u00e9e aux retransmissions des \u00e9preuves de Formule 1.<\/p>\n<p>Elle a pass\u00e9 son permis de conduire aux Etats-Unis et appartient d\u00e9sormais au groupe tr\u00e8s ferm\u00e9 des Saoudiennes titulaires dans leur pays d\u2019une licence de comp\u00e9tition automobile.<\/p>\n<p>Son r\u00eave est de participer un jour aux 24 Heures du Mans.<\/p>\n<p>\u00ab\u00a0Pour beaucoup de femmes qui n\u2019ont pas encore eu l\u2019occasion d\u2019apprendre \u00e0 conduire, prendre le volant est encore quelque chose qui fait peur\u00a0\u00bb, explique Reema Juffali. \u00ab\u00a0Et pour de nombreuses femmes en Arabie saoudite cela semble si lointain\u00a0\u00bb.<\/p>\n<p>L\u2019Arabie saoudite a certes assoupli certaines des restrictions pesant sur les femmes, mais le royaume reste accus\u00e9 par des ONG de graves violations des droits humains, comme l\u2019emprisonnement de dissidents et de militantes et le recours massif \u00e0 la peine de mort.<\/p>\n<p>Alors que le royaume \u00e9tait le seul pays au monde \u00e0 interdire les femmes de conduire, l\u2019autorisation en 2018 a transform\u00e9 la vie de nombreuses Saoudiennes, qui n\u2019ont plus \u00e0 d\u00e9pendre pour se d\u00e9placer de proches m\u00e2les ou de chauffeurs priv\u00e9s.<\/p>\n<p>\u2013 Moto-\u00e9cole \u00e0 Ryad \u2013<\/p>\n<p>Certaines femmes d\u00e9laissent m\u00eame les petites voitures de couleurs acidul\u00e9es, consid\u00e9r\u00e9es comme pris\u00e9es des femmes, pour s\u2019int\u00e9resser \u00e0 des engins beaucoup plus puissants.<\/p>\n<p>, la Mini Cooper rouge cerise lanc\u00e9e sur le march\u00e9 saoudien \u00e0 destination de la client\u00e8le f\u00e9minine, se voit parfois pr\u00e9f\u00e9rer une Chevrolet Camaro ou une Mustang d\u00e9capotable, constatent les vendeurs.<\/p>\n<p>Certaines n\u2019h\u00e9sitent plus \u00e0 se lancer dans des d\u00e9rapages, virages brusques et autres cascades \u00e0 grande vitesse, pratiques non autoris\u00e9es en public mais tol\u00e9r\u00e9es dans certains parcs de loisirs.<\/p>\n<p>En jeans moulants et T-shirts Harley-Davidson, des Saoudiennes apprennent aussi \u00e0 piloter des motos dans une moto-\u00e9cole de Ryad, ce qui reste encore un spectacle tr\u00e8s inhabituel.<\/p>\n<p>\u00ab\u00a0Beaucoup de gens sont surpris par tous les changements qui se produisent\u00a0\u00bb, remarque Reema Juffali. \u00ab\u00a0Me voir dans une voiture, faire de la course automobile\u2026 De nombreuses personnes sont surprises, mais moi j\u2019aime bien surprendre\u00a0\u00bb.<\/p>\n<\/div>\n<p>Auteur: AFP<br \/>\n<a href=\"https:\/\/www.journalducameroun.com\/reema-juffali-premiere-saoudienne-en-course-automobile-a-domicile\/\">Cliquez ici pour lire l&rsquo;article depuis sa source.<\/a><\/p>\n","protected":false},"excerpt":{"rendered":"<p>Publi\u00e9 le 22.11.2019 \u00e0 22h50 par AFP \u00ab\u00a0C\u2019est incroyable\u00a0\u00bb : Reema Juffali, 27 ans, est ce weekend la premi\u00e8re Saoudienne \u00e0 participer dans son pays \u00e0 une comp\u00e9tition de course automobile, au volant d\u2019un SUV \u00e9lectrique. Un \u00e9v\u00e8nement inimaginable ces derni\u00e8res ann\u00e9es dans le royaume ultra conservateur. Mais en 2018, l\u2019Arabie saoudite a lev\u00e9 l\u2019interdiction [&hellip;]<\/p>\n","protected":false},"author":1965,"featured_media":0,"comment_status":"closed","ping_status":"closed","sticky":false,"template":"","format":"standard","meta":{"fifu_image_url":"","fifu_image_alt":"","footnotes":""},"categories":[73,82],"tags":[],"class_list":["post-68312","post","type-post","status-publish","format-standard","hentry","category-actualite","category-cameroun"],"_links":{"self":[{"href":"https:\/\/linitiative.ca\/International\/wp-json\/wp\/v2\/posts\/68312","targetHints":{"allow":["GET"]}}],"collection":[{"href":"https:\/\/linitiative.ca\/International\/wp-json\/wp\/v2\/posts"}],"about":[{"href":"https:\/\/linitiative.ca\/International\/wp-json\/wp\/v2\/types\/post"}],"author":[{"embeddable":true,"href":"https:\/\/linitiative.ca\/International\/wp-json\/wp\/v2\/users\/1965"}],"replies":[{"embeddable":true,"href":"https:\/\/linitiative.ca\/International\/wp-json\/wp\/v2\/comments?post=68312"}],"version-history":[{"count":0,"href":"https:\/\/linitiative.ca\/International\/wp-json\/wp\/v2\/posts\/68312\/revisions"}],"wp:attachment":[{"href":"https:\/\/linitiative.ca\/International\/wp-json\/wp\/v2\/media?parent=68312"}],"wp:term":[{"taxonomy":"category","embeddable":true,"href":"https:\/\/linitiative.ca\/International\/wp-json\/wp\/v2\/categories?post=68312"},{"taxonomy":"post_tag","embeddable":true,"href":"https:\/\/linitiative.ca\/International\/wp-json\/wp\/v2\/tags?post=68312"}],"curies":[{"name":"wp","href":"https:\/\/api.w.org\/{rel}","templated":true}]}}