{"id":68318,"date":"2019-11-23T03:06:18","date_gmt":"2019-11-23T08:06:18","guid":{"rendered":"https:\/\/linitiative.ca\/International\/controle-des-organismes-de-retraite-de-droit-prive-ce-que-prevoit-la-circulaire-de-lacaps\/"},"modified":"2019-11-23T03:06:18","modified_gmt":"2019-11-23T08:06:18","slug":"controle-des-organismes-de-retraite-de-droit-prive-ce-que-prevoit-la-circulaire-de-lacaps","status":"publish","type":"post","link":"https:\/\/linitiative.ca\/International\/controle-des-organismes-de-retraite-de-droit-prive-ce-que-prevoit-la-circulaire-de-lacaps\/","title":{"rendered":"Contr\u00f4le des organismes de retraite de droit priv\u00e9 : Ce que pr\u00e9voit la circulaire de l\u2019ACAPS"},"content":{"rendered":"<header>\n<\/header>\n<div class=\"entry-content clearfix\" readability=\"67\"><img decoding=\"async\" class=\"post_layout_5_img\" src=\"http:\/\/aujourdhui.ma\/wp-content\/uploads\/2017\/07\/cnss-retraite.jpg?x29840\" alt=\"Contr\u00f4le des organismes de retraite de droit priv\u00e9 : Ce que pr\u00e9voit la circulaire de l\u2019ACAPS\"\/><\/p>\n<p class=\"p1\"><span class=\"s1\"><span class=\"c4\"><strong>L\u2019arr\u00eat\u00e9 du ministre de l\u2019\u00e9conomie et des finances n\u00b01644-19 portant homologation de la circulaire du pr\u00e9sident de l\u2019Autorit\u00e9 de contr\u00f4le des assurances et de la pr\u00e9voyance sociale du 4 mars 2019 relative au contr\u00f4le des organismes de retraite de droit priv\u00e9 a \u00e9t\u00e9 publi\u00e9 dans le BO n\u00b0 6828 du 7 novembre 2019.<\/strong><\/span><\/span> <span id=\"more-324289\"\/><\/p>\n<p class=\"p1\"><span class=\"s1\">En vertu de l\u2019article 1 de ladite circulaire, <em>\u00abun organisme de retraite peut apr\u00e8s l\u2019accord de l\u2019ACAPS transf\u00e9rer la totalit\u00e9 des droits et des obligations d\u00e9coulant de son r\u00e8glement g\u00e9n\u00e9ral de retraite \u00e0<span class=\"Apple-converted-space\">\u00a0<\/span> un autre organisme de retraite sous r\u00e9serve du respect du principe de l\u2019\u00e9galit\u00e9 de traitement des droits et obligations des affili\u00e9s et b\u00e9n\u00e9ficiaires de prestations relevant de l\u2019Organisme de retraite c\u00e9dant \u00e0 l\u2019occasion de ce transfert\u00bb<\/em>.<\/span><\/p>\n<p class=\"p1\"><span class=\"s1\">Pour cela, l\u2019Organisme de retraite c\u00e9dant doit pr\u00e9senter \u00e0 l\u2019ACAPS une demande accompagn\u00e9e de plusieurs documents, \u00e0 savoir les PV des assembl\u00e9es g\u00e9n\u00e9rales extraordinaires des organismes de retraite c\u00e9dant et cessionnaire ayant statu\u00e9 sur le transfert ; l\u2019accord de transfert sign\u00e9 par les deux organismes de retraite ; le bilan actuariel d\u2019\u00e9valuation de la situation financi\u00e8re de l\u2019organisme de retraite cessionnaire compte tenu de ce transfert ; les rapports des commissaires aux comptes des organismes de retraite c\u00e9dant et cessionnaire portant sur l\u2019appr\u00e9ciation des \u00e9l\u00e9ments de l\u2019actif et du passif objet du transfert.<\/span><\/p>\n<p class=\"p1\"><span class=\"s1\">En outre, l\u2019organisme de retraite c\u00e9dant doit pr\u00e9senter \u00e0 l\u2019ACAPS un rapport relatif aux moyens techniques et administratifs \u00e0 mobiliser pour la mise en \u0153uvre de ce transfert. Par ailleurs, le bilan actuariel pr\u00e9vu par les dispositions du 1er alin\u00e9a de l\u2019article 112 de la loi 64-12 est \u00e9tabli sur un horizon d\u2019au moins 60 ans. Il permet ainsi d\u2019obtenir des projections d\u00e9mographiques de l\u2019effectif des affili\u00e9s et des b\u00e9n\u00e9ficiaires des prestations ; des projections de la masse salariale des affili\u00e9s, des cotisations et de leur assiette, des prestations par nature, des frais de gestion, des provisions techniques et des produits financiers.<\/span><\/p>\n<p class=\"p1\"><span class=\"s1\">Ces projections permettront d\u2019\u00e9valuer les engagements actuariels de l\u2019organisme de retraite \u00e0 l\u2019\u00e9gard des affili\u00e9s et des b\u00e9n\u00e9ficiaires des prestations en tenant compte de plusieurs sc\u00e9narios (r\u00e9gime ferm\u00e9,<span class=\"Apple-converted-space\">\u00a0<\/span> r\u00e9gime semi-ferm\u00e9 et <span class=\"Apple-converted-space\">\u00a0<\/span> r\u00e9gime ouvert). Ainsi, le r\u00e9gime ferm\u00e9 est celui pour lequel est suppos\u00e9 l\u2019arr\u00eat des affiliations, des cotisations et de la constitution des droits futurs pour les affili\u00e9s cotisants actuels ; le r\u00e9gime semi-ferm\u00e9 pour lequel est suppos\u00e9 l\u2019arr\u00eat des affiliations avec continuit\u00e9 de paiement des cotisations et de constitution des droits pour les affili\u00e9s cotisants et enfin le r\u00e9gime ouvert aux nouvelles affiliations avec continuit\u00e9 de paiement des cotisations et de constitution des droits et fermeture du r\u00e9gime \u00e0 l\u2019horizon des projections.<\/span><\/p>\n<\/div>\n<p>Auteur: ALM<br \/>\n<a href=\"http:\/\/aujourdhui.ma\/societe\/controle-des-organismes-de-retraite-de-droit-prive-ce-que-prevoit-la-circulaire-de-lacaps\">Cliquez ici pour lire l&rsquo;article depuis sa source.<\/a><\/p>\n","protected":false},"excerpt":{"rendered":"<p>L\u2019arr\u00eat\u00e9 du ministre de l\u2019\u00e9conomie et des finances n\u00b01644-19 portant homologation de la circulaire du pr\u00e9sident de l\u2019Autorit\u00e9 de contr\u00f4le des assurances et de la pr\u00e9voyance sociale du 4 mars 2019 relative au contr\u00f4le des organismes de retraite de droit priv\u00e9 a \u00e9t\u00e9 publi\u00e9 dans le BO n\u00b0 6828 du 7 novembre 2019. En vertu [&hellip;]<\/p>\n","protected":false},"author":1759,"featured_media":0,"comment_status":"closed","ping_status":"closed","sticky":false,"template":"","format":"standard","meta":{"fifu_image_url":"","fifu_image_alt":"","footnotes":""},"categories":[73,54],"tags":[],"class_list":["post-68318","post","type-post","status-publish","format-standard","hentry","category-actualite","category-maroc"],"_links":{"self":[{"href":"https:\/\/linitiative.ca\/International\/wp-json\/wp\/v2\/posts\/68318","targetHints":{"allow":["GET"]}}],"collection":[{"href":"https:\/\/linitiative.ca\/International\/wp-json\/wp\/v2\/posts"}],"about":[{"href":"https:\/\/linitiative.ca\/International\/wp-json\/wp\/v2\/types\/post"}],"author":[{"embeddable":true,"href":"https:\/\/linitiative.ca\/International\/wp-json\/wp\/v2\/users\/1759"}],"replies":[{"embeddable":true,"href":"https:\/\/linitiative.ca\/International\/wp-json\/wp\/v2\/comments?post=68318"}],"version-history":[{"count":0,"href":"https:\/\/linitiative.ca\/International\/wp-json\/wp\/v2\/posts\/68318\/revisions"}],"wp:attachment":[{"href":"https:\/\/linitiative.ca\/International\/wp-json\/wp\/v2\/media?parent=68318"}],"wp:term":[{"taxonomy":"category","embeddable":true,"href":"https:\/\/linitiative.ca\/International\/wp-json\/wp\/v2\/categories?post=68318"},{"taxonomy":"post_tag","embeddable":true,"href":"https:\/\/linitiative.ca\/International\/wp-json\/wp\/v2\/tags?post=68318"}],"curies":[{"name":"wp","href":"https:\/\/api.w.org\/{rel}","templated":true}]}}