{"id":68319,"date":"2019-11-23T03:06:20","date_gmt":"2019-11-23T08:06:20","guid":{"rendered":"https:\/\/linitiative.ca\/International\/le-souss-massa-aura-sa-societe-de-developpement-local\/"},"modified":"2019-11-23T03:06:20","modified_gmt":"2019-11-23T08:06:20","slug":"le-souss-massa-aura-sa-societe-de-developpement-local","status":"publish","type":"post","link":"https:\/\/linitiative.ca\/International\/le-souss-massa-aura-sa-societe-de-developpement-local\/","title":{"rendered":"Le Souss-Massa aura sa Soci\u00e9t\u00e9 de d\u00e9veloppement local"},"content":{"rendered":"<p><img decoding=\"async\" class=\"post_layout_5_img\" src=\"http:\/\/aujourdhui.ma\/wp-content\/uploads\/2019\/07\/Agadir-Souss-Massa.jpg?x29840\" alt=\"Le Souss-Massa aura sa Soci\u00e9t\u00e9 de d\u00e9veloppement local\"\/><\/p>\n<p class=\"p1\"><span class=\"c4\"><strong><em>Pour accompagner l\u2019essor \u00e9conomique attendu apr\u00e8s le discours royal<\/em><\/strong><\/span><span id=\"more-324290\"\/><\/p>\n<div class=\"base-box mom_box_sc_custom mom_box_sc clear c5\" readability=\"9\">\n<p class=\"p1\"><strong>La cr\u00e9ation de cette soci\u00e9t\u00e9 permettra d\u2019atteindre les objectifs de d\u00e9veloppement vis\u00e9s par les acteurs locaux et sera un outil efficace \u00e0 la disposition de toutes les collectivit\u00e9s territoriales de la r\u00e9gion.<\/strong><\/p>\n<\/div>\n<p class=\"p1\"><span class=\"s1\">Le Conseil de la r\u00e9gion du Souss-Massa a tenu mercredi une session extraordinaire marqu\u00e9e par la validation des statuts de la Soci\u00e9t\u00e9 de d\u00e9veloppement local (SDL) et qui sera charg\u00e9e d\u2019accompagner le d\u00e9veloppement \u00e9conomique de la r\u00e9gion.<\/span><\/p>\n<p class=\"p1\"><span class=\"s1\">Cette nouvelle entit\u00e9, deuxi\u00e8me de son genre cr\u00e9\u00e9e par le Conseil de la r\u00e9gion du Souss-Massa apr\u00e8s la Soci\u00e9t\u00e9 r\u00e9gionale de d\u00e9veloppement touristique, sera g\u00e9r\u00e9e par<span class=\"Apple-converted-space\">\u00a0<\/span> un conseil d\u2019administration compos\u00e9 des repr\u00e9sentants de la r\u00e9gion Souss-Massa et des collectivit\u00e9s territoriales d\u2019Agadir, Aourir, Drarga et Taghazout. Ces derni\u00e8res ont d\u00e9j\u00e0 tenu des sessions<span class=\"Apple-converted-space\">\u00a0<\/span> extraordinaires pour valider leur adh\u00e9sion \u00e0 ladite soci\u00e9t\u00e9.<\/span><\/p>\n<p class=\"p1\"><span class=\"s1\">La SDL du Souss-Massa, cr\u00e9\u00e9e sous forme de soci\u00e9t\u00e9 anonyme conform\u00e9ment au droit des soci\u00e9t\u00e9s, aura ainsi pour missions de veiller \u00e0 ex\u00e9cuter les travaux de construction et d\u2019am\u00e9nagement des \u00e9quipements relatifs aux services publics, r\u00e9aliser les travaux de conception et d\u2019am\u00e9nagement des espaces verts et de divertissement, am\u00e9nager et consolider les infrastructures et les parkings, mettre en \u0153uvre les accords de partenariat conclus avec les secteurs gouvernementaux charg\u00e9s d\u2019ex\u00e9cuter les projets aff\u00e9rents au maintien et \u00e0 la valorisation du patrimoine culturel et touristique.<\/span><\/p>\n<p class=\"p1\"><span class=\"s1\">A cela s\u2019ajoute la gestion de toutes les op\u00e9rations commerciales, financi\u00e8res, d\u2019investissement, de consultation ou techniques se rapportant directement ou indirectement \u00e0 la raison sociale de la soci\u00e9t\u00e9.<\/span><\/p>\n<p class=\"p1\"><span class=\"s1\">Durant son intervention par l\u2019occasion, Ahmed Hajji, wali de la r\u00e9gion Souss-Massa, a soulign\u00e9 que la tenue de cette session co\u00efncide avec la c\u00e9l\u00e9bration du 44\u00e8 anniversaire de la Marche Verte marqu\u00e9 par le discours royal dans lequel SM le Roi Mohammed VI a appel\u00e9 \u00e0 booster la croissance \u00e9conomique dans la r\u00e9gion.<\/span><\/p>\n<p class=\"p1\"><span class=\"s1\">D\u2019apr\u00e8s le wali la cr\u00e9ation de cette nouvelle soci\u00e9t\u00e9 qui vient en application des Hautes instructions royales s\u2019inscrit dans le cadre du renforcement des outils de la bonne gouvernance et de l\u2019enracinement de ses principes pour assurer plus d\u2019efficience, de pr\u00e9cision et de rapidit\u00e9 dans la gestion et la mise en \u0153uvre des projets et des march\u00e9s et d\u2019\u00e9viter tout retard.<\/span><\/p>\n<p class=\"p1\"><span class=\"s1\">Pour Brahim Hafidi, pr\u00e9sident du Conseil r\u00e9gional, la cr\u00e9ation de cette soci\u00e9t\u00e9 permettra d\u2019atteindre les objectifs de d\u00e9veloppement vis\u00e9s par les acteurs locaux et sera un outil efficace \u00e0 la disposition de toutes les collectivit\u00e9s territoriales de la r\u00e9gion. Ce dernier a pass\u00e9 en revue les acquis et les avantages de la cr\u00e9ation de la soci\u00e9t\u00e9, qui sera une v\u00e9ritable locomotive de d\u00e9veloppement local.<\/span><\/p>\n<p class=\"p1\"><span class=\"s1\">La nouvelle soci\u00e9t\u00e9 agira de mani\u00e8re transversale, en menant des actions concr\u00e8tes qui s\u2019inscrivent dans le cadre du Plan de d\u00e9veloppement r\u00e9gional du Souss-Massa.<\/span><\/p>\n<p class=\"p1\"><span class=\"s1\">Lors de cette session, le Conseil de la r\u00e9gion du Souss-Massa a \u00e9galement approuv\u00e9 la programmation des cr\u00e9dits de la deuxi\u00e8me partie du budget au titre de l\u2019ann\u00e9e 2019.<\/span><\/p>\n<p>Auteur: Mohamed Laabid<br \/>\n<a href=\"http:\/\/aujourdhui.ma\/economie\/le-souss-massa-aura-sa-societe-de-developpement-local\">Cliquez ici pour lire l&rsquo;article depuis sa source.<\/a><\/p>\n","protected":false},"excerpt":{"rendered":"<p>Pour accompagner l\u2019essor \u00e9conomique attendu apr\u00e8s le discours royal La cr\u00e9ation de cette soci\u00e9t\u00e9 permettra d\u2019atteindre les objectifs de d\u00e9veloppement vis\u00e9s par les acteurs locaux et sera un outil efficace \u00e0 la disposition de toutes les collectivit\u00e9s territoriales de la r\u00e9gion. Le Conseil de la r\u00e9gion du Souss-Massa a tenu mercredi une session extraordinaire marqu\u00e9e [&hellip;]<\/p>\n","protected":false},"author":1759,"featured_media":0,"comment_status":"closed","ping_status":"closed","sticky":false,"template":"","format":"standard","meta":{"fifu_image_url":"","fifu_image_alt":"","footnotes":""},"categories":[73,54],"tags":[],"class_list":["post-68319","post","type-post","status-publish","format-standard","hentry","category-actualite","category-maroc"],"_links":{"self":[{"href":"https:\/\/linitiative.ca\/International\/wp-json\/wp\/v2\/posts\/68319","targetHints":{"allow":["GET"]}}],"collection":[{"href":"https:\/\/linitiative.ca\/International\/wp-json\/wp\/v2\/posts"}],"about":[{"href":"https:\/\/linitiative.ca\/International\/wp-json\/wp\/v2\/types\/post"}],"author":[{"embeddable":true,"href":"https:\/\/linitiative.ca\/International\/wp-json\/wp\/v2\/users\/1759"}],"replies":[{"embeddable":true,"href":"https:\/\/linitiative.ca\/International\/wp-json\/wp\/v2\/comments?post=68319"}],"version-history":[{"count":0,"href":"https:\/\/linitiative.ca\/International\/wp-json\/wp\/v2\/posts\/68319\/revisions"}],"wp:attachment":[{"href":"https:\/\/linitiative.ca\/International\/wp-json\/wp\/v2\/media?parent=68319"}],"wp:term":[{"taxonomy":"category","embeddable":true,"href":"https:\/\/linitiative.ca\/International\/wp-json\/wp\/v2\/categories?post=68319"},{"taxonomy":"post_tag","embeddable":true,"href":"https:\/\/linitiative.ca\/International\/wp-json\/wp\/v2\/tags?post=68319"}],"curies":[{"name":"wp","href":"https:\/\/api.w.org\/{rel}","templated":true}]}}