{"id":68320,"date":"2019-11-23T03:09:15","date_gmt":"2019-11-23T08:09:15","guid":{"rendered":"https:\/\/linitiative.ca\/International\/daniele-sassou-nguessou-de-nombreux-pays-africains-nont-pas-encore-integre-la-dimension-genre-dans-leurs-politiques\/"},"modified":"2019-11-23T03:09:15","modified_gmt":"2019-11-23T08:09:15","slug":"daniele-sassou-nguessou-de-nombreux-pays-africains-nont-pas-encore-integre-la-dimension-genre-dans-leurs-politiques","status":"publish","type":"post","link":"https:\/\/linitiative.ca\/International\/daniele-sassou-nguessou-de-nombreux-pays-africains-nont-pas-encore-integre-la-dimension-genre-dans-leurs-politiques\/","title":{"rendered":"Dani\u00e8le Sassou Nguessou : \u00abDe nombreux pays africains n\u2019ont pas encore int\u00e9gr\u00e9 la dimension genre dans leurs politiques\u00bb"},"content":{"rendered":"<p><img decoding=\"async\" class=\"post_layout_5_img\" src=\"http:\/\/aujourdhui.ma\/wp-content\/uploads\/2019\/11\/Danie%CC%80le-Sassou-Nguessou-pre%CC%81sidente-de-la-Fondation-Sounga-au-Congo.jpg?x29840\" alt=\"Dani\u00e8le Sassou Nguessou : \u00abDe nombreux pays africains n\u2019ont pas encore int\u00e9gr\u00e9 la dimension genre dans leurs politiques\u00bb\"\/><\/p>\n<p class=\"p1\"><span class=\"c4\"><strong><em>Dani\u00e8le Sassou Nguessou, p<\/em><em>r\u00e9sidente de la Fondation Sounga au Congo<\/em><\/strong><\/span><span id=\"more-324307\"\/><\/p>\n<div class=\"base-box mom_box_sc_custom mom_box_sc clear c5\" readability=\"13\">\n<p class=\"p1\"><strong><span class=\"s1\"><em>Nous continuons d\u2019attribuer aux femmes le r\u00f4le d\u2019\u00e9pouse et de m\u00e8re de famille. En dehors du cycle familial, elles sont quasiment inexistantes dans des sph\u00e8res politiques, sociales, culturelles,\u2026<\/em><\/span><\/strong><\/p>\n<\/div>\n<p class=\"p2\"><strong>ALM : Dans votre intervention \u00e0 une table ronde programm\u00e9e dans le cadre des MEDays 2019, vous avez indiqu\u00e9 que malgr\u00e9 les initiatives men\u00e9es par certains pays africains, l\u2019Afrique est en retard en mati\u00e8re de parit\u00e9. Comment expliquez-vous cela?<\/strong><\/p>\n<p class=\"p2\"><strong>Dani\u00e8le Sassou Nguessou :<\/strong> Nous constatons que l\u2019in\u00e9galit\u00e9 entre les femmes et les hommes demeure pr\u00e9occupante. Car de nombreux pays africains n\u2019ont pas encore int\u00e9gr\u00e9 la dimension genre au sein de leurs diff\u00e9rentes politiques publiques. Le retard de ces pays en mati\u00e8re de parit\u00e9 constitue un v\u00e9ritable frein \u00e0 leur d\u00e9veloppement. Les rapports men\u00e9s par les organisations internationales d\u00e9montrent que ce retard leur occasionne un manque \u00e0 gagner de 6% de leur PIB.<\/p>\n<p class=\"p2\"><strong>Pourquoi la discrimination continue-t-elle de perdurer en Afrique ?<\/strong><\/p>\n<p class=\"p2\">G\u00e9n\u00e9ralement, nous vivons dans des soci\u00e9t\u00e9s domin\u00e9es par des cultures patriarcales emp\u00eachant de donner la voix aux femmes. Ce qui constitue un obstacle pour la promotion de leur r\u00f4le au profit de la croissance. Nous continuons donc d\u2019attribuer aux femmes le r\u00f4le d\u2019\u00e9pouse et de m\u00e8re de famille. En dehors du cycle familial, elles sont quasiment inexistantes dans des sph\u00e8res politiques, sociales, culturelles,\u2026 Il faut donc rendre aux femmes leurs lettres de noblesse en vue de leur faciliter l\u2019acc\u00e8s aux postes de d\u00e9cision dans la vie politique, \u00e9conomique et sociale. Il n\u2019emp\u00eache de mentionner certaines avanc\u00e9es des pays en Afrique, tels que l\u2019Ouganda et le S\u00e9n\u00e9gal, o\u00f9 la repr\u00e9sentativit\u00e9 des femmes \u00e0 l\u2019Assembl\u00e9e est respectivement de 57 et 40%. Je crois que le Maroc a pu conna\u00eetre une belle avanc\u00e9e du code de la famille et constitue une r\u00e9f\u00e9rence en la mati\u00e8re pour les autres pays africains.<\/p>\n<p class=\"p2\"><strong>Pourquoi les femmes africaines sont-elles d\u00e9favoris\u00e9es par rapport \u00e0\u00a0<\/strong><strong>l\u2019acc\u00e8s \u00e0 l\u2019emploi ?<\/strong><\/p>\n<p class=\"p2\">Il faut penser \u00e0 mettre en place des lois pour l\u2019\u00e9galit\u00e9 professionnelle entre les deux sexes en Afrique. Car malgr\u00e9 leur niveau d\u2019enseignement et les dipl\u00f4mes obtenus de grandes \u00e9coles, les femmes africaines trouvent encore beaucoup de difficult\u00e9s \u00e0 trouver un emploi. Elles sont plus rentables au travail, mais ne sont pas \u00e9quitablement r\u00e9mun\u00e9r\u00e9es. Je crois qu\u2019il faut arr\u00eater de parler entre femmes sur ce sujet et inviter l\u2019homme \u00e0 int\u00e9grer nos discussions et l\u2019informer et le sensibiliser sur les formes de discrimination dont les femmes sont victimes au travail et ailleurs.<\/p>\n<p class=\"p2\"><strong>Quels sont, en tant que militante f\u00e9ministe et repr\u00e9sentante de la soci\u00e9t\u00e9 civile, les moyens pour faire entendre les voix des femmes ?<\/strong><\/p>\n<p class=\"p2\">Nous devons multiplier nos actions de sensibilisation pour favoriser l\u2019\u00e9galit\u00e9 homme-femme sur le terrain. Notre objectif au sein de la fondation Sounga est d\u2019aller \u00e0 la rencontre des femmes congolaises en difficult\u00e9s et de les accompagner dans leur marche vers l\u2019\u00e9galit\u00e9. Et en tant que pr\u00e9sidente de cette fondation, je viens d\u2019\u00e9crire un livre sur le genre et le d\u00e9veloppement en R\u00e9publique du Congo.<\/p>\n<p class=\"p2\">Si le respect de l\u2019\u00e9galit\u00e9 homme-femme est une n\u00e9cessit\u00e9 juridique longtemps consid\u00e9r\u00e9e comme une lubie f\u00e9ministe, il se trouve que la parit\u00e9 est indispensable pour notre pays tant son incidence sur le d\u00e9veloppement est importante.<\/p>\n<p>Auteur: Najat Fa\u00efssal<br \/>\n<a href=\"http:\/\/aujourdhui.ma\/politique\/daniele-sassou-nguessou-de-nombreux-pays-africains-nont-pas-encore-integre-la-dimension-genre-dans-leurs-politiques\">Cliquez ici pour lire l&rsquo;article depuis sa source.<\/a><\/p>\n","protected":false},"excerpt":{"rendered":"<p>Dani\u00e8le Sassou Nguessou, pr\u00e9sidente de la Fondation Sounga au Congo Nous continuons d\u2019attribuer aux femmes le r\u00f4le d\u2019\u00e9pouse et de m\u00e8re de famille. En dehors du cycle familial, elles sont quasiment inexistantes dans des sph\u00e8res politiques, sociales, culturelles,\u2026 ALM : Dans votre intervention \u00e0 une table ronde programm\u00e9e dans le cadre des MEDays 2019, vous [&hellip;]<\/p>\n","protected":false},"author":1759,"featured_media":0,"comment_status":"closed","ping_status":"closed","sticky":false,"template":"","format":"standard","meta":{"fifu_image_url":"","fifu_image_alt":"","footnotes":""},"categories":[73,54],"tags":[],"class_list":["post-68320","post","type-post","status-publish","format-standard","hentry","category-actualite","category-maroc"],"_links":{"self":[{"href":"https:\/\/linitiative.ca\/International\/wp-json\/wp\/v2\/posts\/68320","targetHints":{"allow":["GET"]}}],"collection":[{"href":"https:\/\/linitiative.ca\/International\/wp-json\/wp\/v2\/posts"}],"about":[{"href":"https:\/\/linitiative.ca\/International\/wp-json\/wp\/v2\/types\/post"}],"author":[{"embeddable":true,"href":"https:\/\/linitiative.ca\/International\/wp-json\/wp\/v2\/users\/1759"}],"replies":[{"embeddable":true,"href":"https:\/\/linitiative.ca\/International\/wp-json\/wp\/v2\/comments?post=68320"}],"version-history":[{"count":0,"href":"https:\/\/linitiative.ca\/International\/wp-json\/wp\/v2\/posts\/68320\/revisions"}],"wp:attachment":[{"href":"https:\/\/linitiative.ca\/International\/wp-json\/wp\/v2\/media?parent=68320"}],"wp:term":[{"taxonomy":"category","embeddable":true,"href":"https:\/\/linitiative.ca\/International\/wp-json\/wp\/v2\/categories?post=68320"},{"taxonomy":"post_tag","embeddable":true,"href":"https:\/\/linitiative.ca\/International\/wp-json\/wp\/v2\/tags?post=68320"}],"curies":[{"name":"wp","href":"https:\/\/api.w.org\/{rel}","templated":true}]}}