{"id":68321,"date":"2019-11-23T03:09:55","date_gmt":"2019-11-23T08:09:55","guid":{"rendered":"https:\/\/linitiative.ca\/International\/el-hajeb-un-sexagenaire-poursuivi-pour-abus-sexuel-sur-mineur-et-meurtre\/"},"modified":"2019-11-23T03:09:55","modified_gmt":"2019-11-23T08:09:55","slug":"el-hajeb-un-sexagenaire-poursuivi-pour-abus-sexuel-sur-mineur-et-meurtre","status":"publish","type":"post","link":"https:\/\/linitiative.ca\/International\/el-hajeb-un-sexagenaire-poursuivi-pour-abus-sexuel-sur-mineur-et-meurtre\/","title":{"rendered":"El Hajeb : Un sexag\u00e9naire poursuivi pour abus sexuel  sur mineur et meurtre"},"content":{"rendered":"<header>\n<\/header>\n<div class=\"entry-content clearfix\" readability=\"61\"><img decoding=\"async\" class=\"post_layout_5_img\" src=\"http:\/\/aujourdhui.ma\/wp-content\/uploads\/2019\/11\/Enfant-viol-Pedo.jpg?x29840\" alt=\"El Hajeb : Un sexag\u00e9naire poursuivi pour abus sexuel sur mineur et meurtre\"\/><\/p>\n<p class=\"p1\"><span class=\"s1\"><span class=\"c4\"><strong>Depuis le jeudi 14 novembre, cet enfant de onze ans qui demeure non loin de la coop\u00e9ration Atlas relevant de la commune rurale A\u00eft Na\u00e2mane dans la province d\u2019El Hajeb n\u2019a plus donn\u00e9 signe de vie.<\/strong><\/span><\/span> <span id=\"more-324334\"\/><\/p>\n<p class=\"p1\"><span class=\"s1\">D\u00e8s qu\u2019il est sorti de chez lui, vers le soir, afin de jouer au ballon avec les enfants du douar, Il n\u2019a plus donn\u00e9 de ses nouvelles. Qu\u2019est-ce qui lui est arriv\u00e9 ?<span class=\"Apple-converted-space\">\u00a0<\/span> M\u00eame ses amis qui jouaient avec lui au ballon ne l\u2019ont pas vu. Ce qui prouve qu\u2019il ne les a pas rejoints. Ses parents l\u2019ont cherch\u00e9 \u00e0 travers les quatre coins du douar. Mais en vain. Il ne leur restait qu\u2019un seul choix : recourir \u00e0 la gendarmerie pour porter plainte en vue de la solliciter de diligenter une enqu\u00eate susceptible de les aider \u00e0 trouver leur enfant.<\/span><\/p>\n<p class=\"p1\"><span class=\"s1\">Les \u00e9l\u00e9ments de la gendarmerie royale \u00e0 Mekn\u00e8s se sont charg\u00e9s de l\u2019affaire. Ils ont entam\u00e9 leurs investigations en recueillant les t\u00e9moignages aupr\u00e8s de quelques habitants du douar. La majorit\u00e9 leur a r\u00e9v\u00e9l\u00e9 que l\u2019enfant se rendait chez le gardien d\u2019une ferme, un sexag\u00e9naire. Des t\u00e9moignages confirm\u00e9s par les camarades de l\u2019enfant. Ces derniers ont pr\u00e9cis\u00e9 aux enqu\u00eateurs que leur ami retournait chez eux avec des g\u00e2teaux et des bonbons \u00e0 la main et parfois avec une petite somme d\u2019argent.<\/span><\/p>\n<p class=\"p1\"><span class=\"s1\">La piste d\u2019un attentat \u00e0 la pudeur sur un mineur doubl\u00e9 de meurtre \u00e9tait de plus en plus privil\u00e9gi\u00e9e<span class=\"Apple-converted-space\">\u00a0<\/span> par les enqu\u00eateurs.<span class=\"Apple-converted-space\">\u00a0<\/span> Ceux-ci se sont rendus au logis du gardien de la ferme. La perquisition n\u2019a donn\u00e9 aucun r\u00e9sultat. Mais au cours de la conversation entre les limiers et le gardien de la ferme, ce dernier leur a expliqu\u00e9 qu\u2019il avait remarqu\u00e9 l\u2019enfant en train de courir derri\u00e8re un coq non loin d\u2019un puits. Effectivement, les pompiers qui se sont d\u00e9p\u00each\u00e9s sur les lieux sont arriv\u00e9s \u00e0 y d\u00e9couvrir le cadavre de l\u2019enfant. L\u2019autopsie a r\u00e9v\u00e9l\u00e9 que le cadavre pr\u00e9sente des traces de violence ainsi qu\u2019une grave blessure au niveau de la t\u00eate. Elle a permis \u00e9galement de savoir que l\u2019enfant a \u00e9t\u00e9 abus\u00e9 sexuellement avant d\u2019\u00eatre tu\u00e9. Maintenu en garde \u00e0 vue, samedi 16 novembre, le gardien de la ferme, \u00e2g\u00e9 de soixante-deux ans, a ni\u00e9 avoir abus\u00e9 de l\u2019enfant et de l\u2019avoir tu\u00e9. Le lundi 18 novembre, il a \u00e9t\u00e9 traduit devant le parquet g\u00e9n\u00e9ral pr\u00e8s la Cour d\u2019appel de Mekn\u00e8s devant lequel il a continu\u00e9 \u00e0 se disculper cat\u00e9goriquement. Affaire \u00e0 suivre.<\/span><\/p>\n<\/div>\n<p>Auteur: Abderrafii ALOUMLIKI<br \/>\n<a href=\"http:\/\/aujourdhui.ma\/faits-divers\/el-hajeb-un-sexagenaire-poursuivi-pour-abus-sexuel-sur-mineur-et-meurtre\">Cliquez ici pour lire l&rsquo;article depuis sa source.<\/a><\/p>\n","protected":false},"excerpt":{"rendered":"<p>Depuis le jeudi 14 novembre, cet enfant de onze ans qui demeure non loin de la coop\u00e9ration Atlas relevant de la commune rurale A\u00eft Na\u00e2mane dans la province d\u2019El Hajeb n\u2019a plus donn\u00e9 signe de vie. D\u00e8s qu\u2019il est sorti de chez lui, vers le soir, afin de jouer au ballon avec les enfants du [&hellip;]<\/p>\n","protected":false},"author":1759,"featured_media":0,"comment_status":"closed","ping_status":"closed","sticky":false,"template":"","format":"standard","meta":{"fifu_image_url":"","fifu_image_alt":"","footnotes":""},"categories":[73,54],"tags":[],"class_list":["post-68321","post","type-post","status-publish","format-standard","hentry","category-actualite","category-maroc"],"_links":{"self":[{"href":"https:\/\/linitiative.ca\/International\/wp-json\/wp\/v2\/posts\/68321","targetHints":{"allow":["GET"]}}],"collection":[{"href":"https:\/\/linitiative.ca\/International\/wp-json\/wp\/v2\/posts"}],"about":[{"href":"https:\/\/linitiative.ca\/International\/wp-json\/wp\/v2\/types\/post"}],"author":[{"embeddable":true,"href":"https:\/\/linitiative.ca\/International\/wp-json\/wp\/v2\/users\/1759"}],"replies":[{"embeddable":true,"href":"https:\/\/linitiative.ca\/International\/wp-json\/wp\/v2\/comments?post=68321"}],"version-history":[{"count":0,"href":"https:\/\/linitiative.ca\/International\/wp-json\/wp\/v2\/posts\/68321\/revisions"}],"wp:attachment":[{"href":"https:\/\/linitiative.ca\/International\/wp-json\/wp\/v2\/media?parent=68321"}],"wp:term":[{"taxonomy":"category","embeddable":true,"href":"https:\/\/linitiative.ca\/International\/wp-json\/wp\/v2\/categories?post=68321"},{"taxonomy":"post_tag","embeddable":true,"href":"https:\/\/linitiative.ca\/International\/wp-json\/wp\/v2\/tags?post=68321"}],"curies":[{"name":"wp","href":"https:\/\/api.w.org\/{rel}","templated":true}]}}