{"id":68322,"date":"2019-11-23T03:12:31","date_gmt":"2019-11-23T08:12:31","guid":{"rendered":"https:\/\/linitiative.ca\/International\/taroudant-a-son-premier-salon-provincial-du-livre\/"},"modified":"2019-11-23T03:12:31","modified_gmt":"2019-11-23T08:12:31","slug":"taroudant-a-son-premier-salon-provincial-du-livre","status":"publish","type":"post","link":"https:\/\/linitiative.ca\/International\/taroudant-a-son-premier-salon-provincial-du-livre\/","title":{"rendered":"Taroudant a son premier Salon provincial du livre"},"content":{"rendered":"<header>\n<div class=\"entry-post-meta\">\n<div class=\"author-link\">Publi\u00e9 par <a itemprop=\"author\" itemscope=\"\" itemtype=\"https:\/\/schema.org\/Person\" href=\"http:\/\/aujourdhui.ma\/author\/kaid\" rel=\"author\"><span itemprop=\"name\">ALM<\/span><\/a><\/div>\n<p>Date\u00a0:<time content=\"2019-10-23T09:12:31+00:00\" class=\"entry-date updated\" datetime=\"2019-10-23T09:12:31+00:00\">octobre 23, 2019<\/time><\/p>\n<div class=\"entry-cat\">dans:<a href=\"http:\/\/aujourdhui.ma\/category\/culture\/livre\" rel=\"category tag\">Livre<\/a>, <a href=\"http:\/\/aujourdhui.ma\/category\/une\" rel=\"category tag\">Une<\/a><\/div>\n<p>1Vues<\/p>\n<\/div>\n<\/header>\n<div class=\"entry-content clearfix\" readability=\"55\"><img decoding=\"async\" class=\"post_layout_5_img\" src=\"http:\/\/aujourdhui.ma\/wp-content\/uploads\/2019\/05\/livre.jpg?x29840\" alt=\"Taroudant a son premier Salon provincial du livre\"\/><\/p>\n<p class=\"p1\"><span class=\"c4\"><strong>Il se tient du 29 novembre au 5 d\u00e9cembre<\/strong><\/span> <span id=\"more-324335\"\/><\/p>\n<p class=\"p1\"><span class=\"s1\">La premi\u00e8re \u00e9dition du Salon provincial du livre se tiendra du 29 novembre au 5 d\u00e9cembre \u00e0 Taroudant.<\/span><\/p>\n<p class=\"p1\"><span class=\"s1\">Initi\u00e9 par la direction provinciale de la culture, de la jeunesse et des sports de Taroudant (d\u00e9partement de la culture), ce Salon s\u2019inscrit dans le cadre de la strat\u00e9gie du minist\u00e8re visant \u00e0 encourager la lecture et \u00e0 promouvoir la culture, indique un communiqu\u00e9 des organisateurs. Cette manifestation culturelle sera marqu\u00e9e par la participation de 32 exposants repr\u00e9sentant des \u00e9diteurs marocains, des \u00e9tablissements publics, des associations culturelles ainsi que des biblioth\u00e9caires.<\/span><\/p>\n<p class=\"p1\"><span class=\"s1\">Au programme de ce Salon, figurent \u00e9galement des activit\u00e9s \u00e0 caract\u00e8re culturel, qui seront anim\u00e9es par des femmes et des hommes de culture, conclut-on de m\u00eame source. A noter que ce premier Salon est organis\u00e9 en partenariat avec le conseil communal de Taroudant, la direction provinciale du minist\u00e8re de l\u2019\u00e9ducation nationale, ainsi que la province et son Conseil.<\/span><\/p>\n<\/div>\n<p>Auteur: ALM<br \/>\n<a href=\"http:\/\/aujourdhui.ma\/culture\/livre\/taroudant-a-son-premier-salon-provincial-du-livre\">Cliquez ici pour lire l&rsquo;article depuis sa source.<\/a><\/p>\n","protected":false},"excerpt":{"rendered":"<p>Publi\u00e9 par ALM Date\u00a0:octobre 23, 2019 dans:Livre, Une 1Vues Il se tient du 29 novembre au 5 d\u00e9cembre La premi\u00e8re \u00e9dition du Salon provincial du livre se tiendra du 29 novembre au 5 d\u00e9cembre \u00e0 Taroudant. Initi\u00e9 par la direction provinciale de la culture, de la jeunesse et des sports de Taroudant (d\u00e9partement de la [&hellip;]<\/p>\n","protected":false},"author":1759,"featured_media":0,"comment_status":"closed","ping_status":"closed","sticky":false,"template":"","format":"standard","meta":{"fifu_image_url":"","fifu_image_alt":"","footnotes":""},"categories":[73,54],"tags":[],"class_list":["post-68322","post","type-post","status-publish","format-standard","hentry","category-actualite","category-maroc"],"_links":{"self":[{"href":"https:\/\/linitiative.ca\/International\/wp-json\/wp\/v2\/posts\/68322","targetHints":{"allow":["GET"]}}],"collection":[{"href":"https:\/\/linitiative.ca\/International\/wp-json\/wp\/v2\/posts"}],"about":[{"href":"https:\/\/linitiative.ca\/International\/wp-json\/wp\/v2\/types\/post"}],"author":[{"embeddable":true,"href":"https:\/\/linitiative.ca\/International\/wp-json\/wp\/v2\/users\/1759"}],"replies":[{"embeddable":true,"href":"https:\/\/linitiative.ca\/International\/wp-json\/wp\/v2\/comments?post=68322"}],"version-history":[{"count":0,"href":"https:\/\/linitiative.ca\/International\/wp-json\/wp\/v2\/posts\/68322\/revisions"}],"wp:attachment":[{"href":"https:\/\/linitiative.ca\/International\/wp-json\/wp\/v2\/media?parent=68322"}],"wp:term":[{"taxonomy":"category","embeddable":true,"href":"https:\/\/linitiative.ca\/International\/wp-json\/wp\/v2\/categories?post=68322"},{"taxonomy":"post_tag","embeddable":true,"href":"https:\/\/linitiative.ca\/International\/wp-json\/wp\/v2\/tags?post=68322"}],"curies":[{"name":"wp","href":"https:\/\/api.w.org\/{rel}","templated":true}]}}