{"id":68323,"date":"2019-11-23T05:00:00","date_gmt":"2019-11-23T10:00:00","guid":{"rendered":"https:\/\/linitiative.ca\/International\/18-000-retraites-de-sonelgaz-sans-retraite-complementaire\/"},"modified":"2019-11-23T05:00:00","modified_gmt":"2019-11-23T10:00:00","slug":"18-000-retraites-de-sonelgaz-sans-retraite-complementaire","status":"publish","type":"post","link":"https:\/\/linitiative.ca\/International\/18-000-retraites-de-sonelgaz-sans-retraite-complementaire\/","title":{"rendered":"18 000 retrait\u00e9s de Sonelgaz sans retraite compl\u00e9mentaire"},"content":{"rendered":"<div id=\"originalText\" readability=\"55\">\n<p>Pas moins de 18 000 retrait\u00e9s et pr\u00e8s de 90 000 travailleurs du groupe Sonelgaz adh\u00e9rents \u00e0 la Muteg (Mutuelle g\u00e9n\u00e9rale des travailleurs des industries \u00e9lectrique et gazi\u00e8re) sont priv\u00e9s de leur retraite compl\u00e9mentaire pour les premiers, et de prestations de la mutuelle, pour les seconds.<\/p>\n<p>Selon des sources bien inform\u00e9es, la cause n\u2019est autre que le blocage, depuis le 10 octobre dernier, des comptes de la mutuelle ouverts \u201cill\u00e9galement\u201d dans une agence bancaire sise \u00e0 Bir Mourad Ra\u00efs (Alger) par l\u2019ex-pr\u00e9sident du conseil d\u2019administration de ladite mutuelle. En effet, l\u2019actuel pr\u00e9sident, La\u00efd Lasladj, qui a eu recours \u00e0 la justice, a pu obtenir gain de cause pour bloquer les comptes de la mutuelle.<\/p>\n<p>La direction de l\u2019agence a \u00e9t\u00e9 aussi attaqu\u00e9e en justice pour avoir ouvert ill\u00e9galement des comptes \u00e0 son niveau et, du coup, permettre des op\u00e9rations qualifi\u00e9es d\u2019ill\u00e9gales. Il est \u00e0 noter que le compte a \u00e9t\u00e9 aliment\u00e9 de centaines de milliards de cotisations des travailleurs du groupe Sonelgaz.<\/p>\n<\/div>\n<div id=\"text_core\" readability=\"55\">\n<p>Pas moins de 18 000 retrait\u00e9s et pr\u00e8s de 90 000 travailleurs du groupe Sonelgaz adh\u00e9rents \u00e0 la Muteg (Mutuelle g\u00e9n\u00e9rale des travailleurs des industries \u00e9lectrique et gazi\u00e8re) sont priv\u00e9s de leur retraite compl\u00e9mentaire pour les premiers, et de prestations de la mutuelle, pour les seconds.<\/p>\n<p>Selon des sources bien inform\u00e9es, la cause n\u2019est autre que le blocage, depuis le 10 octobre dernier, des comptes de la mutuelle ouverts \u201cill\u00e9galement\u201d dans une agence bancaire sise \u00e0 Bir Mourad Ra\u00efs (Alger) par l\u2019ex-pr\u00e9sident du conseil d\u2019administration de ladite mutuelle. En effet, l\u2019actuel pr\u00e9sident, La\u00efd Lasladj, qui a eu recours \u00e0 la justice, a pu obtenir gain de cause pour bloquer les comptes de la mutuelle.<\/p>\n<p>La direction de l\u2019agence a \u00e9t\u00e9 aussi attaqu\u00e9e en justice pour avoir ouvert ill\u00e9galement des comptes \u00e0 son niveau et, du coup, permettre des op\u00e9rations qualifi\u00e9es d\u2019ill\u00e9gales. Il est \u00e0 noter que le compte a \u00e9t\u00e9 aliment\u00e9 de centaines de milliards de cotisations des travailleurs du groupe Sonelgaz.<\/p>\n<\/div>\n<p>Auteur:<br \/>\n<a href=\"https:\/\/www.liberte-algerie.com\/radar\/18-000-retraites-de-sonelgaz-sans-retraite-complementaire-328571\">Cliquez ici pour lire l&rsquo;article depuis sa source.<\/a><\/p>\n","protected":false},"excerpt":{"rendered":"<p>Pas moins de 18 000 retrait\u00e9s et pr\u00e8s de 90 000 travailleurs du groupe Sonelgaz adh\u00e9rents \u00e0 la Muteg (Mutuelle g\u00e9n\u00e9rale des travailleurs des industries \u00e9lectrique et gazi\u00e8re) sont priv\u00e9s de leur retraite compl\u00e9mentaire pour les premiers, et de prestations de la mutuelle, pour les seconds. Selon des sources bien inform\u00e9es, la cause n\u2019est autre [&hellip;]<\/p>\n","protected":false},"author":1742,"featured_media":0,"comment_status":"closed","ping_status":"closed","sticky":false,"template":"","format":"standard","meta":{"fifu_image_url":"","fifu_image_alt":"","footnotes":""},"categories":[73,53],"tags":[],"class_list":["post-68323","post","type-post","status-publish","format-standard","hentry","category-actualite","category-algerie"],"_links":{"self":[{"href":"https:\/\/linitiative.ca\/International\/wp-json\/wp\/v2\/posts\/68323","targetHints":{"allow":["GET"]}}],"collection":[{"href":"https:\/\/linitiative.ca\/International\/wp-json\/wp\/v2\/posts"}],"about":[{"href":"https:\/\/linitiative.ca\/International\/wp-json\/wp\/v2\/types\/post"}],"author":[{"embeddable":true,"href":"https:\/\/linitiative.ca\/International\/wp-json\/wp\/v2\/users\/1742"}],"replies":[{"embeddable":true,"href":"https:\/\/linitiative.ca\/International\/wp-json\/wp\/v2\/comments?post=68323"}],"version-history":[{"count":0,"href":"https:\/\/linitiative.ca\/International\/wp-json\/wp\/v2\/posts\/68323\/revisions"}],"wp:attachment":[{"href":"https:\/\/linitiative.ca\/International\/wp-json\/wp\/v2\/media?parent=68323"}],"wp:term":[{"taxonomy":"category","embeddable":true,"href":"https:\/\/linitiative.ca\/International\/wp-json\/wp\/v2\/categories?post=68323"},{"taxonomy":"post_tag","embeddable":true,"href":"https:\/\/linitiative.ca\/International\/wp-json\/wp\/v2\/tags?post=68323"}],"curies":[{"name":"wp","href":"https:\/\/api.w.org\/{rel}","templated":true}]}}