{"id":68329,"date":"2019-11-23T08:00:30","date_gmt":"2019-11-23T13:00:30","guid":{"rendered":"https:\/\/linitiative.ca\/International\/arrestation-dun-individu-pour-vol-et-trafic-de-drogue\/"},"modified":"2019-11-23T08:00:30","modified_gmt":"2019-11-23T13:00:30","slug":"arrestation-dun-individu-pour-vol-et-trafic-de-drogue","status":"publish","type":"post","link":"https:\/\/linitiative.ca\/International\/arrestation-dun-individu-pour-vol-et-trafic-de-drogue\/","title":{"rendered":"Arrestation d\u2019un individu pour vol et trafic de drogue"},"content":{"rendered":"<div class=\"single-featured\"><img alt=\"\" data-src=\"http:\/\/www.mapmarrakech.ma\/map\/uploads\/2019\/07\/arrestation.jpg\"\/><\/div>\n<div class=\"single-post-excerpt post-excerpt-bc\" readability=\"36\">\n<p>Marrakech \u2013 Les \u00e9l\u00e9ments du sixi\u00e8me arrondissement de police \u00e0 Marrakech ont r\u00e9ussi, vendredi, \u00e0 mettre la main sur un individu aux ant\u00e9c\u00e9dents judiciaires pour vol qualifi\u00e9 et trafic de drogue.<\/p>\n<\/div>\n<div class=\"entry-content clearfix single-post-content\" readability=\"57\">\n<p>Selon une source s\u00e9curitaire, le mis en cause, qui faisait l\u2019objet de deux avis de recherche pour coups et blessures graves ainsi que pour vol avec violence et sous la menace d\u2019arme blanche, a \u00e9t\u00e9 interpell\u00e9 en possession de plusieurs armes blanches et de comprim\u00e9s d\u2019ecstasy qu\u2019il envisageait d\u2019\u00e9couler.<\/p>\n<p>Des perquisitions men\u00e9es en coordination avec le Parquet g\u00e9n\u00e9ral comp\u00e9tent au domicile du pr\u00e9venu, en pr\u00e9sence de ce dernier, ont \u00e9t\u00e9 sold\u00e9es par la saisie de 35 comprim\u00e9s psychotropes suppl\u00e9mentaires et de morceaux de chira pr\u00e9par\u00e9s pour la vente, a pr\u00e9cis\u00e9 la m\u00eame source.<\/p>\n<p>Et d\u2019ajouter que le mis en cause a reconnu avoir acquis cette mati\u00e8re illicite en vue de la mettre en vente, relevant que quatre autres personnes, dont deux femmes, ont \u00e9t\u00e9 \u00e9galement arr\u00eat\u00e9es au domicile du pr\u00e9venu.<\/p>\n<p>Les cinq individus appr\u00e9hend\u00e9s ont \u00e9t\u00e9 plac\u00e9s en garde \u00e0 vue pour les besoins de l\u2019enqu\u00eate, avant d\u2019\u00eatre d\u00e9f\u00e9r\u00e9s devant la justice, conclut-on de m\u00eame source.<\/p>\n<\/div>\n<p>Auteur: Meriem IGASS<br \/>\n<a href=\"http:\/\/www.mapmarrakech.ma\/fr\/vol\/\">Cliquez ici pour lire l&rsquo;article depuis sa source.<\/a><\/p>\n","protected":false},"excerpt":{"rendered":"<p>Marrakech \u2013 Les \u00e9l\u00e9ments du sixi\u00e8me arrondissement de police \u00e0 Marrakech ont r\u00e9ussi, vendredi, \u00e0 mettre la main sur un individu aux ant\u00e9c\u00e9dents judiciaires pour vol qualifi\u00e9 et trafic de drogue. Selon une source s\u00e9curitaire, le mis en cause, qui faisait l\u2019objet de deux avis de recherche pour coups et blessures graves ainsi que pour [&hellip;]<\/p>\n","protected":false},"author":1788,"featured_media":68330,"comment_status":"closed","ping_status":"closed","sticky":false,"template":"","format":"standard","meta":{"fifu_image_url":"","fifu_image_alt":"","footnotes":""},"categories":[54,76],"tags":[],"class_list":["post-68329","post","type-post","status-publish","format-standard","has-post-thumbnail","hentry","category-maroc","category-regions"],"_links":{"self":[{"href":"https:\/\/linitiative.ca\/International\/wp-json\/wp\/v2\/posts\/68329","targetHints":{"allow":["GET"]}}],"collection":[{"href":"https:\/\/linitiative.ca\/International\/wp-json\/wp\/v2\/posts"}],"about":[{"href":"https:\/\/linitiative.ca\/International\/wp-json\/wp\/v2\/types\/post"}],"author":[{"embeddable":true,"href":"https:\/\/linitiative.ca\/International\/wp-json\/wp\/v2\/users\/1788"}],"replies":[{"embeddable":true,"href":"https:\/\/linitiative.ca\/International\/wp-json\/wp\/v2\/comments?post=68329"}],"version-history":[{"count":0,"href":"https:\/\/linitiative.ca\/International\/wp-json\/wp\/v2\/posts\/68329\/revisions"}],"wp:featuredmedia":[{"embeddable":true,"href":"https:\/\/linitiative.ca\/International\/wp-json\/"}],"wp:attachment":[{"href":"https:\/\/linitiative.ca\/International\/wp-json\/wp\/v2\/media?parent=68329"}],"wp:term":[{"taxonomy":"category","embeddable":true,"href":"https:\/\/linitiative.ca\/International\/wp-json\/wp\/v2\/categories?post=68329"},{"taxonomy":"post_tag","embeddable":true,"href":"https:\/\/linitiative.ca\/International\/wp-json\/wp\/v2\/tags?post=68329"}],"curies":[{"name":"wp","href":"https:\/\/api.w.org\/{rel}","templated":true}]}}