{"id":68332,"date":"2019-11-23T10:19:49","date_gmt":"2019-11-23T15:19:49","guid":{"rendered":"https:\/\/linitiative.ca\/International\/m-el-otmani-souligne-lengagement-fort-du-maroc-en-faveur-de-lenfance\/"},"modified":"2019-11-23T10:19:49","modified_gmt":"2019-11-23T15:19:49","slug":"m-el-otmani-souligne-lengagement-fort-du-maroc-en-faveur-de-lenfance","status":"publish","type":"post","link":"https:\/\/linitiative.ca\/International\/m-el-otmani-souligne-lengagement-fort-du-maroc-en-faveur-de-lenfance\/","title":{"rendered":"M. El Otmani souligne l\u2019engagement fort du Maroc en faveur de l\u2019enfance"},"content":{"rendered":"<div class=\"single-featured\"><img alt=\"\" data-src=\"http:\/\/www.mapmarrakech.ma\/map\/uploads\/2019\/11\/videootmanienfance.jpg\"\/><\/div>\n<div class=\"single-post-excerpt post-excerpt-bc\" readability=\"39\">\n<p>Le Chef du gouvernement, Sa\u00e2d Eddine El Otmani a soulign\u00e9, lors d\u2019une Journ\u00e9e institutionnelle sous le th\u00e8me \u00ab L\u2019enfant au coeur du nouveau mod\u00e8le de d\u00e9veloppement \u00bb, organis\u00e9e \u00e0 Marrakech dans le cadre de la 16\u00e8me \u00e9dition du Congr\u00e8s National des Droits de l\u2019enfant, l\u2019engagement fort et \u00e0 tous les niveaux du Royaume du Maroc en faveur de la promotion de la situation de l\u2019enfance.<\/p>\n<\/div>\n<p>Auteur: Meriem IGASS<br \/>\n<a href=\"http:\/\/www.mapmarrakech.ma\/fr\/m-el-otmani-souligne-lengagement-fort-du-maroc-en-faveur-de-en-faveur-de-lenfance\/\">Cliquez ici pour lire l&rsquo;article depuis sa source.<\/a><\/p>\n","protected":false},"excerpt":{"rendered":"<p>Le Chef du gouvernement, Sa\u00e2d Eddine El Otmani a soulign\u00e9, lors d\u2019une Journ\u00e9e institutionnelle sous le th\u00e8me \u00ab L\u2019enfant au coeur du nouveau mod\u00e8le de d\u00e9veloppement \u00bb, organis\u00e9e \u00e0 Marrakech dans le cadre de la 16\u00e8me \u00e9dition du Congr\u00e8s National des Droits de l\u2019enfant, l\u2019engagement fort et \u00e0 tous les niveaux du Royaume du Maroc [&hellip;]<\/p>\n","protected":false},"author":1788,"featured_media":68333,"comment_status":"closed","ping_status":"closed","sticky":false,"template":"","format":"standard","meta":{"fifu_image_url":"","fifu_image_alt":"","footnotes":""},"categories":[54,76],"tags":[],"class_list":["post-68332","post","type-post","status-publish","format-standard","has-post-thumbnail","hentry","category-maroc","category-regions"],"_links":{"self":[{"href":"https:\/\/linitiative.ca\/International\/wp-json\/wp\/v2\/posts\/68332","targetHints":{"allow":["GET"]}}],"collection":[{"href":"https:\/\/linitiative.ca\/International\/wp-json\/wp\/v2\/posts"}],"about":[{"href":"https:\/\/linitiative.ca\/International\/wp-json\/wp\/v2\/types\/post"}],"author":[{"embeddable":true,"href":"https:\/\/linitiative.ca\/International\/wp-json\/wp\/v2\/users\/1788"}],"replies":[{"embeddable":true,"href":"https:\/\/linitiative.ca\/International\/wp-json\/wp\/v2\/comments?post=68332"}],"version-history":[{"count":0,"href":"https:\/\/linitiative.ca\/International\/wp-json\/wp\/v2\/posts\/68332\/revisions"}],"wp:featuredmedia":[{"embeddable":true,"href":"https:\/\/linitiative.ca\/International\/wp-json\/"}],"wp:attachment":[{"href":"https:\/\/linitiative.ca\/International\/wp-json\/wp\/v2\/media?parent=68332"}],"wp:term":[{"taxonomy":"category","embeddable":true,"href":"https:\/\/linitiative.ca\/International\/wp-json\/wp\/v2\/categories?post=68332"},{"taxonomy":"post_tag","embeddable":true,"href":"https:\/\/linitiative.ca\/International\/wp-json\/wp\/v2\/tags?post=68332"}],"curies":[{"name":"wp","href":"https:\/\/api.w.org\/{rel}","templated":true}]}}