{"id":68334,"date":"2019-11-23T11:27:59","date_gmt":"2019-11-23T16:27:59","guid":{"rendered":"https:\/\/linitiative.ca\/International\/femmes-violence-campagne-des-16-jours-dactivisme\/"},"modified":"2019-11-23T11:27:59","modified_gmt":"2019-11-23T16:27:59","slug":"femmes-violence-campagne-des-16-jours-dactivisme","status":"publish","type":"post","link":"https:\/\/linitiative.ca\/International\/femmes-violence-campagne-des-16-jours-dactivisme\/","title":{"rendered":"Femmes\/Violence: Campagne des 16 jours d\u2019activisme"},"content":{"rendered":"<div readability=\"35\">\n<p>Marrakech \u2013 La campagne mondiale \u00ab\u00a016 jours d\u2019activisme pour mettre fin \u00e0 la violence faite aux femmes\u00a0\u00bb a \u00e9t\u00e9 lanc\u00e9e samedi \u00e0 la Place Harti \u00e0 Marrakech sous le th\u00e8me \u00ab\u00a0Masculinit\u00e9s positives : les hommes et les gar\u00e7ons rejettent les violences faites aux femmes et aux filles\u00a0\u00bb.<\/p>\n<\/div>\n<div readability=\"130\">\n<p>Cet \u00e9v\u00e9nement ouvert au grand public et organis\u00e9 par les Nations Unies en comm\u00e9moration de la journ\u00e9e internationale pour l\u2019\u00e9limination de la violence \u00e0 l\u2019\u00e9gard des femmes, a pour objectifs de sensibiliser vis-\u00e0-vis de la violence contre les femmes et les filles.<\/p>\n<p>La c\u00e9r\u00e9monie officielle du lancement de la campagne a \u00e9t\u00e9 marqu\u00e9e par l\u2019ouverture de plusieurs stands anim\u00e9s par les acteurs institutionnels, en l\u2019occurrence, le Minist\u00e8re de la Famille, de la Solidarit\u00e9, de l\u2019Egalit\u00e9 et du D\u00e9veloppement social, le Parquet g\u00e9n\u00e9ral, la Direction G\u00e9n\u00e9rale de la S\u00fbret\u00e9 Nationale, le Minist\u00e8re de la Sant\u00e9, le Haut-Commissariat au Plan, les acteurs associatifs et des repr\u00e9sentants d\u2019organisations onusiennes.<\/p>\n<p>A cette occasion, un \u00e9change a \u00e9t\u00e9 engag\u00e9 entre les animateurs des stands et le public, venu pour s\u2019informer des efforts consentis au niveau national pour \u00e9radiquer la violence \u00e0 l\u2019\u00e9gard des femmes et des filles.<\/p>\n<p>De l\u2019avis de la repr\u00e9sentante du bureau multi-pays de l\u2019ONU Femmes pour le Maghreb, Leila Rhiwi, cette campagne se veut un appel \u00e0 l\u2019engagement des hommes dans la lutte contre la violence \u00e0 l\u2019\u00e9gard des femmes et \u00e0 la promotion de la masculinit\u00e9 positive des hommes et gar\u00e7ons en faveur d\u2019une \u00e9galit\u00e9 bas\u00e9e sur le genre et contre les violences \u00e0 l\u2019\u00e9gard des femmes et des filles.<\/p>\n<p>Cette campagne, men\u00e9e cette ann\u00e9e, sous le hashtag #Hit_Ana_Rajel, a pour objectif de sensibiliser sur les r\u00f4les positifs des hommes et des gar\u00e7ons dans la promotion de l\u2019\u00e9galit\u00e9 entre les sexes ainsi que dans la pr\u00e9vention de la violence l\u2019\u00e9gard des femmes et des filles, a-t-elle indiqu\u00e9 dans une d\u00e9claration \u00e0 la MAP.<\/p>\n<p>L\u2019id\u00e9e de cette manifestation est d\u2019engager les hommes et gar\u00e7ons pour qu\u2019ils s\u2019\u00e9valuent de mani\u00e8re critique et s\u2019engagent eux-m\u00eames dans le plaidoyer contre les violences \u00e0 l\u2019\u00e9gard des femmes en vue de promouvoir une conscience collective sur ce ph\u00e9nom\u00e8ne, a soulign\u00e9 Mme Rhiwi, notant qu\u2019en d\u00e9pit des efforts consentis par l\u2019Etat en termes de lois et de services visant la protection des femmes, il est n\u00e9cessaire de mener r\u00e9guli\u00e8rement des campagnes de sensibilisation et de mobilisation contre les diff\u00e9rentes formes de violence dont souffrent les femmes et les filles.<\/p>\n<p>Pour sa part, la pr\u00e9sidente de l\u2019Association Joussour pour le Forum des femmes marocaines, Oumayma Achour, a relev\u00e9 que cette campagne contre la violence \u00e0 l\u2019\u00e9gard des femmes est un \u00e9v\u00e9nement annuel qui met en lumi\u00e8re les projets et efforts importants d\u00e9ploy\u00e9s par les associations de la soci\u00e9t\u00e9 civile avec l\u2019ONU pour promouvoir les droits des femmes et cr\u00e9er un espace public s\u00fbr et harmonieux o\u00f9 r\u00e8gne le respect entre les deux sexes.<\/p>\n<p>Cette activit\u00e9, a-t-elle ajout\u00e9, est \u00e9galement une occasion de sensibiliser le public \u00e0 la n\u00e9cessit\u00e9 de lutter contre la violence \u00e0 l\u2019\u00e9gard des femmes sous toutes ses formes, soulignant la n\u00e9cessit\u00e9 de s\u2019engager pour une soci\u00e9t\u00e9 de respect d\u2019\u00e9galit\u00e9 des sexes.<\/p>\n<p>Organis\u00e9e depuis 2008 \u00e0 l\u2019appel du Secr\u00e9taire G\u00e9n\u00e9ral des Nations Unies, la campagne mondiale des \u00ab\u00a016 jours d\u2019activisme pour mettre fin \u00e0 la violence faite aux femmes\u00a0\u00bb se tient chaque ann\u00e9e entre le 25 novembre, journ\u00e9e internationale pour l\u2019\u00e9limination de la violence \u00e0 l\u2019\u00e9gard des femmes, et le 10 d\u00e9cembre, journ\u00e9e internationale des droits humains.<\/p>\n<p>La campagne conna\u00eet cette ann\u00e9e la participation exceptionnelle d\u2019artistes engag\u00e9s, dont Fna\u00efre, Anis Chouchene, Moustapha Romli, Souad Sahel, Kabaret Cheikhats, Fay\u00e7al Azizi et Taoufiq Izeddiou qui exprimeront leur rejet des violences notamment \u00e0 travers la musique, le slam, la danse et les arts plastiques.<\/p>\n<p>Dans le cadre des 16 jours d\u2019activisme, l\u2019op\u00e9ration \u00ab\u00a0Orangez Le Monde\u00a0\u00bb consiste \u00e0 illuminer des \u00e9difices et des monuments en orange partout dans le monde afin de sensibiliser l\u2019opinion publique sur le ph\u00e9nom\u00e8ne de la violence v\u00e9cue par les femmes. Cette ann\u00e9e au Maroc, la Direction G\u00e9n\u00e9rale de la S\u00fbret\u00e9 Nationale, le Mus\u00e9e Mohammed VI, la Tour Maroc Telecom, la gare LGV de Rabat-Agdal, et Autoroutes du Maroc, entres autres, s\u2019illumineront en orange, pour marquer l\u2019engagement de ces institutions pour l\u2019\u00e9limination de la violence contre les femmes et les filles.<\/p>\n<\/div>\n<p>Auteur: Meriem IGASS<br \/>\n<a href=\"http:\/\/www.mapmarrakech.ma\/fr\/femmes-campagne-des-16-jours-dactivisme-contre-la-violence\/\">Cliquez ici pour lire l&rsquo;article depuis sa source.<\/a><\/p>\n","protected":false},"excerpt":{"rendered":"<p>Marrakech \u2013 La campagne mondiale \u00ab\u00a016 jours d\u2019activisme pour mettre fin \u00e0 la violence faite aux femmes\u00a0\u00bb a \u00e9t\u00e9 lanc\u00e9e samedi \u00e0 la Place Harti \u00e0 Marrakech sous le th\u00e8me \u00ab\u00a0Masculinit\u00e9s positives : les hommes et les gar\u00e7ons rejettent les violences faites aux femmes et aux filles\u00a0\u00bb. Cet \u00e9v\u00e9nement ouvert au grand public et organis\u00e9 [&hellip;]<\/p>\n","protected":false},"author":1788,"featured_media":0,"comment_status":"closed","ping_status":"closed","sticky":false,"template":"","format":"standard","meta":{"fifu_image_url":"","fifu_image_alt":"","footnotes":""},"categories":[54,76],"tags":[],"class_list":["post-68334","post","type-post","status-publish","format-standard","hentry","category-maroc","category-regions"],"_links":{"self":[{"href":"https:\/\/linitiative.ca\/International\/wp-json\/wp\/v2\/posts\/68334","targetHints":{"allow":["GET"]}}],"collection":[{"href":"https:\/\/linitiative.ca\/International\/wp-json\/wp\/v2\/posts"}],"about":[{"href":"https:\/\/linitiative.ca\/International\/wp-json\/wp\/v2\/types\/post"}],"author":[{"embeddable":true,"href":"https:\/\/linitiative.ca\/International\/wp-json\/wp\/v2\/users\/1788"}],"replies":[{"embeddable":true,"href":"https:\/\/linitiative.ca\/International\/wp-json\/wp\/v2\/comments?post=68334"}],"version-history":[{"count":0,"href":"https:\/\/linitiative.ca\/International\/wp-json\/wp\/v2\/posts\/68334\/revisions"}],"wp:attachment":[{"href":"https:\/\/linitiative.ca\/International\/wp-json\/wp\/v2\/media?parent=68334"}],"wp:term":[{"taxonomy":"category","embeddable":true,"href":"https:\/\/linitiative.ca\/International\/wp-json\/wp\/v2\/categories?post=68334"},{"taxonomy":"post_tag","embeddable":true,"href":"https:\/\/linitiative.ca\/International\/wp-json\/wp\/v2\/tags?post=68334"}],"curies":[{"name":"wp","href":"https:\/\/api.w.org\/{rel}","templated":true}]}}