{"id":68336,"date":"2019-11-23T02:39:20","date_gmt":"2019-11-23T07:39:20","guid":{"rendered":"https:\/\/linitiative.ca\/International\/presse-ouest-les-candidats-doivent-debattre-davantage-avec-les-citoyens\/"},"modified":"2019-11-23T02:39:20","modified_gmt":"2019-11-23T07:39:20","slug":"presse-ouest-les-candidats-doivent-debattre-davantage-avec-les-citoyens","status":"publish","type":"post","link":"https:\/\/linitiative.ca\/International\/presse-ouest-les-candidats-doivent-debattre-davantage-avec-les-citoyens\/","title":{"rendered":"Presse Ouest: les candidats doivent \u00ab\u00a0d\u00e9battre davantage\u00a0\u00bb avec les citoyens"},"content":{"rendered":"<div readability=\"36\">\n<p><strong>ORAN &#8211; Dans ses \u00e9ditions du samedi, au septi\u00e8me jour de la campagne \u00e9lectorale pour la Pr\u00e9sidentielle du 12 d\u00e9cembre, la presse oranaise estime qu&rsquo;il est temps pour les candidats de s&rsquo;engager davantage sur la voie du d\u00e9bat avec les citoyens pour les convaincre de l&rsquo;enjeu du prochain scrutin.<\/strong><\/p>\n<\/div>\n<div readability=\"68\">\n<p>Tout en dressant le bilan d&rsquo;une premi\u00e8re semaine de campagne qu&rsquo;ils qualifient de \u00ab\u00a0timide\u00a0\u00bb, les journaux oranais soutiennent que les arguments de campagne des candidats gagneraient \u00e0 \u00eatre ax\u00e9s sur la mise en relief de l&rsquo;importance du prochain rendez-vous \u00e9lectoral.<\/p>\n<p>Le quotidien \u00ab\u00a0L&rsquo;Echo d&rsquo;Oran\u00a0\u00bb observe dans ce cadre une premi\u00e8re semaine \u00ab\u00a0sans vague\u00a0\u00bb pour les candidats qui ont pr\u00e9f\u00e9r\u00e9 \u00ab\u00a0ne pas s\u2019exposer aux opposants au rendez-vous du 12 d\u00e9cembre\u00a0\u00bb, relevant en revanche que d&rsquo;autres ont \u00ab\u00a0os\u00e9\u00a0\u00bb aller \u00e0 la rencontre des citoyens.<\/p>\n<p>La m\u00eame publication sugg\u00e8re \u00e0 ce titre aux candidats d&rsquo;intensifier \u00ab\u00a0les sorties sur le terrain\u00a0\u00bb et \u00e0 ne pas verser dans les discours \u00ab\u00a0populistes\u00a0\u00bb durant leurs meetings populaires.<\/p>\n<p>Une analyse similaire est faite par le journal \u00ab\u00a0Ouest Tribune\u00a0\u00bb qui \u00e9crit qu&rsquo;\u00e0 ce stade de la campagne, le plus important est \u00ab\u00a0d\u2019abord et avant tout de convaincre les \u00e9lecteurs d\u2019aller le 12 d\u00e9cembre aux centres de vote et de faire leur choix\u00a0\u00bb.<\/p>\n<p>\u00ab\u00a0Ouest Tribune\u00a0\u00bb rel\u00e8ve, en outre, que les Alg\u00e9riens veulent \u00ab\u00a0voir les choses revenir \u00e0 la norme\u00a0\u00bb et que soit port\u00e9 \u00e0 la haute fonction de l\u2019Etat un pr\u00e9sident \u00ab\u00a0l\u00e9gitime\u00a0\u00bb \u00e0 m\u00eame de mettre en pratique \u00ab\u00a0toutes les revendications soulev\u00e9es par la rue ces derniers mois\u00a0\u00bb.<\/p>\n<p>Le journal \u00ab\u00a0El-Djoumhouria\u00a0\u00bb juge, pour sa part, la premi\u00e8re semaine de la campagne \u00ab\u00a0en-de\u00e7\u00e0\u00a0\u00bb des attentes des citoyens, pr\u00e9conisant \u00e0 l&rsquo;intention des candidats de focaliser leurs discours sur les solutions qu&rsquo;ils entrevoient pour le pays plut\u00f4t que de s&rsquo;attarder sur \u00ab\u00a0l&rsquo;\u00e9tat des lieux\u00a0\u00bb de la situation socio-\u00e9conomique.<\/p>\n<p>Le quotidien \u00ab\u00a0Cap Ouest\u00a0\u00bb per\u00e7oit, quant \u00e0 lui, \u00ab\u00a0une prise de conscience\u00a0\u00bb chez les Alg\u00e9riens par rapport \u00e0 \u00ab\u00a0la situation que traverse le pays\u00a0\u00bb et au fait que la sortie de crise ne peut \u00eatre envisag\u00e9e que par leur \u00ab\u00a0engagement\u00a0\u00bb dans cette \u00e9lection.<\/p>\n<\/div>\n<p>Auteur:<br \/>\n<a href=\"http:\/\/www.aps.dz\/regions\/97898-presse-ouest-les-candidats-doivent-debattre-davantage-avec-les-citoyens\">Cliquez ici pour lire l&rsquo;article depuis sa source.<\/a><\/p>\n","protected":false},"excerpt":{"rendered":"<p>ORAN &#8211; Dans ses \u00e9ditions du samedi, au septi\u00e8me jour de la campagne \u00e9lectorale pour la Pr\u00e9sidentielle du 12 d\u00e9cembre, la presse oranaise estime qu&rsquo;il est temps pour les candidats de s&rsquo;engager davantage sur la voie du d\u00e9bat avec les citoyens pour les convaincre de l&rsquo;enjeu du prochain scrutin. Tout en dressant le bilan d&rsquo;une [&hellip;]<\/p>\n","protected":false},"author":1790,"featured_media":0,"comment_status":"closed","ping_status":"closed","sticky":false,"template":"","format":"standard","meta":{"fifu_image_url":"","fifu_image_alt":"","footnotes":""},"categories":[53,76],"tags":[],"class_list":["post-68336","post","type-post","status-publish","format-standard","hentry","category-algerie","category-regions"],"_links":{"self":[{"href":"https:\/\/linitiative.ca\/International\/wp-json\/wp\/v2\/posts\/68336","targetHints":{"allow":["GET"]}}],"collection":[{"href":"https:\/\/linitiative.ca\/International\/wp-json\/wp\/v2\/posts"}],"about":[{"href":"https:\/\/linitiative.ca\/International\/wp-json\/wp\/v2\/types\/post"}],"author":[{"embeddable":true,"href":"https:\/\/linitiative.ca\/International\/wp-json\/wp\/v2\/users\/1790"}],"replies":[{"embeddable":true,"href":"https:\/\/linitiative.ca\/International\/wp-json\/wp\/v2\/comments?post=68336"}],"version-history":[{"count":0,"href":"https:\/\/linitiative.ca\/International\/wp-json\/wp\/v2\/posts\/68336\/revisions"}],"wp:attachment":[{"href":"https:\/\/linitiative.ca\/International\/wp-json\/wp\/v2\/media?parent=68336"}],"wp:term":[{"taxonomy":"category","embeddable":true,"href":"https:\/\/linitiative.ca\/International\/wp-json\/wp\/v2\/categories?post=68336"},{"taxonomy":"post_tag","embeddable":true,"href":"https:\/\/linitiative.ca\/International\/wp-json\/wp\/v2\/tags?post=68336"}],"curies":[{"name":"wp","href":"https:\/\/api.w.org\/{rel}","templated":true}]}}