{"id":68337,"date":"2019-11-23T03:23:11","date_gmt":"2019-11-23T08:23:11","guid":{"rendered":"https:\/\/linitiative.ca\/International\/lappel-des-candidats-a-preserver-la-stabilite-de-lalgerie-largement-repercute-par-la-presse-de-lest\/"},"modified":"2019-11-23T03:23:11","modified_gmt":"2019-11-23T08:23:11","slug":"lappel-des-candidats-a-preserver-la-stabilite-de-lalgerie-largement-repercute-par-la-presse-de-lest","status":"publish","type":"post","link":"https:\/\/linitiative.ca\/International\/lappel-des-candidats-a-preserver-la-stabilite-de-lalgerie-largement-repercute-par-la-presse-de-lest\/","title":{"rendered":"L\u2019appel des candidats \u00e0 pr\u00e9server la stabilit\u00e9 de l\u2019Alg\u00e9rie, largement r\u00e9percut\u00e9 par la presse de l\u2019Est"},"content":{"rendered":"<div readability=\"35\">\n<p><strong>CONSTANTINE &#8211; Les quotidiens de l\u2019Est du pays ont r\u00e9percut\u00e9 samedi l\u2019appel des candidats \u00e0 la magistrature supr\u00eame \u00e0 renforcer le front interne pour pr\u00e9server la stabilit\u00e9 du pays, au septi\u00e8me jour de la campagne \u00e9lectorale pour la pr\u00e9sidentielle du 12 d\u00e9cembre prochain.<\/strong><\/p>\n<\/div>\n<div readability=\"91\">\n<p>Seybous Time, \u00e9dit\u00e9 \u00e0 Annaba a r\u00e9serv\u00e9 une page pour relayer l\u2019appel depuis Tiaret, du candidat Ali Benflis, \u00e0 \u00ab\u00a0consolider le front interne sur la base de la confiance plac\u00e9e dans les institutions de l&rsquo;Etat, l&rsquo;unit\u00e9 entre le peuple et son arm\u00e9e et la pr\u00e9servation de l&rsquo;Etat national\u00a0\u00bb et a rapport\u00e9 l\u2019engagement de Abdelkader Bengrina, depuis Relizane \u00e0 faire face \u00e0 \u00ab\u00a0ceux qui veulent attenter \u00e0 la s\u00e9curit\u00e9 de l&rsquo;Alg\u00e9rie\u00a0\u00bb.<\/p>\n<p>La publication a \u00e9galement relev\u00e9 la d\u00e9claration de Abdelmadjid Teboune \u00e0 Constantine assurant que la tenue la pr\u00e9sidentielle en cette conjoncture pr\u00e9cise, \u00e9tait \u00ab\u00a0un imp\u00e9ratif national pour sauver le pays des menaces qui le guettent et barrer la route aux comploteurs\u00a0\u00bb.<\/p>\n<p>De m\u00eame, dans ses pages r\u00e9serv\u00e9es \u00e0 la campagne \u00e9lectorale, Annasr, \u00e9dit\u00e9 \u00e0 Constantine est revenu sur le meeting des candidats Bengrina et Teboune\u00a0 \u00e0 Relizane et Constantine et la d\u00e9termination du premier\u00a0 \u00ab\u00a0\u00e0 faire face\u00a0\u00bb \u00e0 \u00ab\u00a0ceux qui veulent attenter \u00e0 la s\u00e9curit\u00e9 de l&rsquo;Alg\u00e9rie\u00a0\u00bb et la conviction du second que la tenue la pr\u00e9sidentielle en cette conjoncture \u00e9tait \u00ab\u00a0un imp\u00e9ratif national pour sauver le pays des menaces qui le guettent\u00a0\u00bb.<\/p>\n<p>Le Quotidien de Constantine a pr\u00e9f\u00e9r\u00e9 donner une \u00ab\u00a0recap\u00a0\u00bb sur une semaine de campagne \u00e9lectorale et le r\u00e9dacteur de l\u2019article a estim\u00e9 que \u00ab\u00a0c\u2019est une campagne \u00e9lectorale a minima ( ) dans une ambiance lourde et une f\u00e9brilit\u00e9 manifeste\u00a0\u00bb.<\/p>\n<p>Pour le r\u00e9dacteur de l\u2019article, \u00ab\u00a0l\u2019amorce de cette campagne sera peut-\u00eatre le 7 d\u00e9cembre prochain avec la tenue envisag\u00e9e d\u2019un d\u00e9bat t\u00e9l\u00e9vis\u00e9 entre les cinq pr\u00e9tendants \u00e0 la magistrature supr\u00eame\u00a0\u00bb.<\/p>\n<p>La m\u00eame publication a r\u00e9percut\u00e9 la d\u00e9claration de Abdelaziz Bela\u00efd affirmant depuis Oran, que \u00ab\u00a0l\u2019Alg\u00e9rie a besoin, aujourd\u2019hui, d\u2019un dirigeant de la g\u00e9n\u00e9ration post-ind\u00e9pendance\u00a0\u00bb et a relay\u00e9 celle de Bengrina depuis\u00a0 El-Bayadh, sur l\u2019imp\u00e9ratif de gagner la bataille de la s\u00e9curit\u00e9 alimentaire pour pr\u00e9server la souverainet\u00e9 de l\u2019Alg\u00e9rie et \u00e9galement celle de Mihoubi soutenant depuis Illizi, que \u00ab\u00a0le Sahara est l\u2019alternatif r\u00e9el de l\u2019Alg\u00e9rie pour les prochaines d\u00e9cennies\u00a0\u00bb.<\/p>\n<p>L\u2019Est R\u00e9publicain paru ce samedi a largement r\u00e9percut\u00e9 les meetings des cinq candidats de la magistrature supr\u00eame dans les quatre coins du pays commentant dans un autre article \u00ab\u00a0qu&rsquo;au 6\u00e8me jour de la campagne \u00e9lectorale, aucun des 5 candidats n\u2019est arriv\u00e9 \u00e0 se distinguer par rapport \u00e0 ses concurrents, ni sur le plan de la communication, ni sur celui du programme proprement dit\u00a0\u00bb.<\/p>\n<p>Seybous Time, Annasr ont relay\u00e9 la d\u00e9claration du\u00a0 ministre de la Communication, Porte-parole du Gouvernement, ministre de la Culture par int\u00e9rim, affirmant depuis Tindouf, que les m\u00e9dias nationaux sont mobilis\u00e9s pour la r\u00e9ussite de la Pr\u00e9sidentielle du 12 d\u00e9cembre prochain,\u00a0 et qualifiant l\u2019\u00e9v\u00e8nement de \u00ab\u00a0rendez-vous important qui ouvrira la voie \u00e0 une nouvelle \u00e8re en Alg\u00e9rie\u00a0\u00bb.<\/p>\n<\/div>\n<p>Auteur:<br \/>\n<a href=\"http:\/\/www.aps.dz\/regions\/97899-l-appel-des-candidats-a-preserver-la-stabilite-de-l-algerie-largement-repercute-par-la-presse-de-l-est\">Cliquez ici pour lire l&rsquo;article depuis sa source.<\/a><\/p>\n","protected":false},"excerpt":{"rendered":"<p>CONSTANTINE &#8211; Les quotidiens de l\u2019Est du pays ont r\u00e9percut\u00e9 samedi l\u2019appel des candidats \u00e0 la magistrature supr\u00eame \u00e0 renforcer le front interne pour pr\u00e9server la stabilit\u00e9 du pays, au septi\u00e8me jour de la campagne \u00e9lectorale pour la pr\u00e9sidentielle du 12 d\u00e9cembre prochain. Seybous Time, \u00e9dit\u00e9 \u00e0 Annaba a r\u00e9serv\u00e9 une page pour relayer l\u2019appel [&hellip;]<\/p>\n","protected":false},"author":1790,"featured_media":0,"comment_status":"closed","ping_status":"closed","sticky":false,"template":"","format":"standard","meta":{"fifu_image_url":"","fifu_image_alt":"","footnotes":""},"categories":[53,76],"tags":[],"class_list":["post-68337","post","type-post","status-publish","format-standard","hentry","category-algerie","category-regions"],"_links":{"self":[{"href":"https:\/\/linitiative.ca\/International\/wp-json\/wp\/v2\/posts\/68337","targetHints":{"allow":["GET"]}}],"collection":[{"href":"https:\/\/linitiative.ca\/International\/wp-json\/wp\/v2\/posts"}],"about":[{"href":"https:\/\/linitiative.ca\/International\/wp-json\/wp\/v2\/types\/post"}],"author":[{"embeddable":true,"href":"https:\/\/linitiative.ca\/International\/wp-json\/wp\/v2\/users\/1790"}],"replies":[{"embeddable":true,"href":"https:\/\/linitiative.ca\/International\/wp-json\/wp\/v2\/comments?post=68337"}],"version-history":[{"count":0,"href":"https:\/\/linitiative.ca\/International\/wp-json\/wp\/v2\/posts\/68337\/revisions"}],"wp:attachment":[{"href":"https:\/\/linitiative.ca\/International\/wp-json\/wp\/v2\/media?parent=68337"}],"wp:term":[{"taxonomy":"category","embeddable":true,"href":"https:\/\/linitiative.ca\/International\/wp-json\/wp\/v2\/categories?post=68337"},{"taxonomy":"post_tag","embeddable":true,"href":"https:\/\/linitiative.ca\/International\/wp-json\/wp\/v2\/tags?post=68337"}],"curies":[{"name":"wp","href":"https:\/\/api.w.org\/{rel}","templated":true}]}}