{"id":68338,"date":"2019-11-23T07:24:20","date_gmt":"2019-11-23T12:24:20","guid":{"rendered":"https:\/\/linitiative.ca\/International\/plusieurs-projets-programmes-pour-ameliorer-lalimentation-en-eau-potable\/"},"modified":"2019-11-23T07:24:20","modified_gmt":"2019-11-23T12:24:20","slug":"plusieurs-projets-programmes-pour-ameliorer-lalimentation-en-eau-potable","status":"publish","type":"post","link":"https:\/\/linitiative.ca\/International\/plusieurs-projets-programmes-pour-ameliorer-lalimentation-en-eau-potable\/","title":{"rendered":"Plusieurs projets programm\u00e9s pour am\u00e9liorer l&rsquo;alimentation en eau potable"},"content":{"rendered":"<div readability=\"36\">\n<p><strong>EL OUED &#8211; Le ministre des Ressources en eau, Ali Hamam, a affirm\u00e9 vendredi \u00e0 El Oued que ses services s&rsquo;attelaient \u00e0 la programmation de plusieurs projets devant assurer la qualit\u00e9 et la continuit\u00e9 de l&rsquo;approvisionnement en eau potable.<\/strong><\/p>\n<\/div>\n<div readability=\"75.2366412214\">\n<p>\u00ab\u00a0Ces projets interviennent dans le cadre de la prise en charge des pr\u00e9occupations des citoyens de la wilaya notamment en ce qui concerne la continuit\u00e9 de l&rsquo;approvisionnement en eau potable\u00a0 \u00e0 travers l&rsquo;augmentation du volume horaire de l&rsquo;alimentation en eau de 14h\/jour \u00e0 24h\/ jour\u00a0\u00bb a expliqu\u00e9 le ministre lors du premier jour de sa visite d&rsquo;inspection dans la wilaya d&rsquo;El Oud.<\/p>\n<p>S&rsquo;exprimant lors d&rsquo;une conf\u00e9rence de presse organis\u00e9e en marge de cette visite, M. Hamam a fait savoir qu&rsquo;une enveloppe financi\u00e8re de 1,5 mds DA avait \u00e9t\u00e9 consacr\u00e9e pour la r\u00e9alisation de projets consistant en \u00ab\u00a0des r\u00e9servoirs souterrains\u00a0\u00bb devant renforcer la capacit\u00e9 de stockage d&rsquo;eau dans la wilaya qui a accus\u00e9 un d\u00e9ficit de 68.000 m3, entravant ainsi la continuit\u00e9 d&rsquo;approvisionnement en eau potable durant toute les heures de la journ\u00e9e.<\/p>\n<p>S&rsquo;agissant de l&rsquo;am\u00e9lioration de la qualit\u00e9 de l&rsquo;eau potable, le ministre a affirm\u00e9 que les infrastructures r\u00e9alis\u00e9es \u00e0 savoir, les 03 stations de dessalement qui seront mises en services dans quelques jours (commune de Djamaa d&rsquo;une capacit\u00e9 de 12.000 m3\/jour, la commune d&rsquo;El Meghaier: 14.000 m3\/ et la commune d&rsquo;El Oued: 30.000 m3), contribueront \u00e0 am\u00e9liorer la qualit\u00e9 de l&rsquo;eau potable notamment le taux de salinit\u00e9 contenu dans l&rsquo;eau de robinet.<\/p>\n<hr\/>\n<h3>Lire aussi:\u00a0<a href=\"http:\/\/www.aps.dz\/economie\/97632-eau-et-assainissement-assurer-un-service-public-a-l-echelle-nationale-avant-fin-2020\" target=\"_blank\" rel=\"noopener noreferrer\">Eau et assainissement: assurer un service public avant fin 2020<\/a><\/h3>\n<hr\/>\n<p>Par ailleurs, le ministre a visit\u00e9 une station de dessalement \u00e0 la cit\u00e9 du 19 mars (centre ville d&rsquo;El Oued) dont les travaux ont atteint 98% pour la r\u00e9alisation et 97% quant \u00e0 l&rsquo;\u00e9quipement, un projet sectoriel auquel une enveloppe financi\u00e8re de trois (03) mds DA a \u00e9t\u00e9 allou\u00e9e. Ce projet d&rsquo;une capacit\u00e9 de production de 30.000 m3\/jour devra contribuer \u00e0 l&rsquo;am\u00e9lioration de la qualit\u00e9 de l&rsquo;eau potable et \u00e0 la cr\u00e9ation d&#8217;emploi.<\/p>\n<blockquote readability=\"11\">\n<p><em><strong>Insistant sur l&rsquo;acc\u00e9l\u00e9ration des travaux de r\u00e9alisation ayant accus\u00e9 un retard, le ministre a accord\u00e9 au maitre d&rsquo;oeuvre un d\u00e9lai de 20 jours pour finaliser les travaux de ce projet qui devrait \u00eatre mis en service le 15 d\u00e9cembre 2020, faute de quoi, il sera sanctionn\u00e9 conform\u00e9ment \u00e0 la loi en vigueur.<\/strong><\/em><\/p>\n<\/blockquote>\n<p>Suivant, par ailleurs, expos\u00e9 exhaustif sur la situation du secteur dans la wilaya (ressources en eau, alimentation en eau potable, assainissement), M. Hamam a indiqu\u00e9 que tous les moyens mat\u00e9riels et logistiques seront assur\u00e9s pour que la gestion des r\u00e9seaux d&rsquo;eau potables soit transf\u00e9r\u00e9e \u00e0 l&rsquo;Alg\u00e9rienne des eaux (ADE) qui ne g\u00e8re actuellement que les r\u00e9seaux de deux communes sur les 30 communes de la wilaya.<\/p>\n<p>Pour rappel, la visite du ministre des Ressources en eau se poursuit samedi (2e jour) o\u00f9 il devrait inspecter plusieurs structures relevant de son secteur \u00e0 Djamaa et El Megeaier (Oued Righ).<\/p>\n<\/div>\n<p>Auteur:<br \/>\n<a href=\"http:\/\/www.aps.dz\/regions\/97909-el-oued-plusieurs-projets-programmes-pour-ameliorer-l-alimentation-en-eau-potable\">Cliquez ici pour lire l&rsquo;article depuis sa source.<\/a><\/p>\n","protected":false},"excerpt":{"rendered":"<p>EL OUED &#8211; Le ministre des Ressources en eau, Ali Hamam, a affirm\u00e9 vendredi \u00e0 El Oued que ses services s&rsquo;attelaient \u00e0 la programmation de plusieurs projets devant assurer la qualit\u00e9 et la continuit\u00e9 de l&rsquo;approvisionnement en eau potable. \u00ab\u00a0Ces projets interviennent dans le cadre de la prise en charge des pr\u00e9occupations des citoyens de [&hellip;]<\/p>\n","protected":false},"author":1790,"featured_media":0,"comment_status":"closed","ping_status":"closed","sticky":false,"template":"","format":"standard","meta":{"fifu_image_url":"","fifu_image_alt":"","footnotes":""},"categories":[53,76],"tags":[],"class_list":["post-68338","post","type-post","status-publish","format-standard","hentry","category-algerie","category-regions"],"_links":{"self":[{"href":"https:\/\/linitiative.ca\/International\/wp-json\/wp\/v2\/posts\/68338","targetHints":{"allow":["GET"]}}],"collection":[{"href":"https:\/\/linitiative.ca\/International\/wp-json\/wp\/v2\/posts"}],"about":[{"href":"https:\/\/linitiative.ca\/International\/wp-json\/wp\/v2\/types\/post"}],"author":[{"embeddable":true,"href":"https:\/\/linitiative.ca\/International\/wp-json\/wp\/v2\/users\/1790"}],"replies":[{"embeddable":true,"href":"https:\/\/linitiative.ca\/International\/wp-json\/wp\/v2\/comments?post=68338"}],"version-history":[{"count":0,"href":"https:\/\/linitiative.ca\/International\/wp-json\/wp\/v2\/posts\/68338\/revisions"}],"wp:attachment":[{"href":"https:\/\/linitiative.ca\/International\/wp-json\/wp\/v2\/media?parent=68338"}],"wp:term":[{"taxonomy":"category","embeddable":true,"href":"https:\/\/linitiative.ca\/International\/wp-json\/wp\/v2\/categories?post=68338"},{"taxonomy":"post_tag","embeddable":true,"href":"https:\/\/linitiative.ca\/International\/wp-json\/wp\/v2\/tags?post=68338"}],"curies":[{"name":"wp","href":"https:\/\/api.w.org\/{rel}","templated":true}]}}