{"id":68340,"date":"2019-11-22T15:44:52","date_gmt":"2019-11-22T20:44:52","guid":{"rendered":"https:\/\/linitiative.ca\/International\/la-pratique-de-lintelligence-economique-en-afrique-en-debat\/"},"modified":"2019-11-22T15:44:52","modified_gmt":"2019-11-22T20:44:52","slug":"la-pratique-de-lintelligence-economique-en-afrique-en-debat","status":"publish","type":"post","link":"https:\/\/linitiative.ca\/International\/la-pratique-de-lintelligence-economique-en-afrique-en-debat\/","title":{"rendered":"La pratique de l\u2019intelligence \u00e9conomique en Afrique en d\u00e9bat"},"content":{"rendered":"<p class=\"c4\">En Afrique, l\u2019intelligence \u00e9conomique est per\u00e7ue comme \u00e9tant un imp\u00e9ratif de premier plan pour les pays souhaitant s\u2019ins\u00e9rer dans l\u2019\u00e9conomie mondiale, ont soulign\u00e9, vendredi \u00e0 Oujda, des participants \u00e0 un colloque international.<\/p>\n<p class=\"c4\">\u2018\u2019Il s\u2019agit d\u2019une composante essentielle du d\u00e9veloppement \u00e9conomique qui constitue l\u2019un des enjeux d\u2019int\u00e9gration des pays de l\u2019Afrique dans l\u2019\u00e9conomie mondiale\u2019\u2019, ont-ils fait remarquer.<\/p>\n<p class=\"c4\">Les acteurs de l\u2019intelligence \u00e9conomique en Afrique visent \u00e0 s\u2019inspirer des exp\u00e9riences \u00e9trang\u00e8res, \u00e0 d\u00e9velopper des initiatives africaines, tout en tenant compte des sp\u00e9cificit\u00e9s culturelles, ont-ils ajout\u00e9, notant toutefois que peu d\u2019articles scientifiques traitent de la pratique de l\u2019intelligence \u00e9conomique ou de la veille strat\u00e9gique dans le continent.<\/p>\n<p class=\"c4\">Ce colloque international qui a pour th\u00e8me central \u2018\u2019La pratique de l\u2019intelligence \u00e9conomique en Afrique : sp\u00e9cificit\u00e9s et limites\u2019\u2019, est organis\u00e9 par la Facult\u00e9 des sciences juridiques, \u00e9conomiques et sociales d\u2019Oujda en partenariat avec le Centre de Recherche et de D\u00e9veloppement de l\u2019Oriental (CRDO).<\/p>\n<p class=\"c4\">Pour les organisateurs, l\u2019intelligence \u00e9conomique est consid\u00e9r\u00e9e comme un outil d\u2019aide \u00e0 la d\u00e9cision ou une habilet\u00e9 \u00e0 comprendre un environnement complexe afin de prendre la bonne d\u00e9cision.<\/p>\n<p class=\"c4\">Dans ce sens, rel\u00e8vent-ils dans une note de pr\u00e9sentation, savoir ma\u00eetriser son environnement est plus que vital aussi bien pour les entreprises que pour les nations, dans une \u00e9conomie mondiale marqu\u00e9e par une guerre \u00e9conomique et informationnelle.<\/p>\n<p class=\"c4\">Et de poursuivre que l\u2019apport de l\u2019intelligence \u00e9conomique r\u00e9side dans sa capacit\u00e9 \u00e0 mobiliser l\u2019information strat\u00e9gique, les comp\u00e9tences et les connaissances.<\/p>\n<p class=\"c4\">Intervenant \u00e0 l\u2019ouverture de cette rencontre de deux jours, le pr\u00e9sident de l\u2019universit\u00e9 Mohammed Premier (UMP-Oujda), Mohamed Benkaddour a relev\u00e9 que dans un monde marqu\u00e9 par un rythme effr\u00e9n\u00e9 de mutations au niveau \u00e9conomique et social, notamment depuis le d\u00e9but du 21\u00e8 si\u00e8cle, et face au d\u00e9veloppement technologique et au ph\u00e9nom\u00e8ne de la mondialisation, il est devenu n\u00e9cessaire de r\u00e9fl\u00e9chir \u00e0 des proc\u00e9d\u00e9s scientifiques adapt\u00e9s pour mieux envisager l\u2019avenir et r\u00e9pondre \u00e0 des besoins en perp\u00e9tuelle \u00e9volution.<\/p>\n<p class=\"c4\">Devant une telle situation, a-t-il dit, l\u2019acquisition et la ma\u00eetrise des nouvelles comp\u00e9tences fond\u00e9es sur le savoir et l\u2019expertise est devenue une n\u00e9cessit\u00e9 imp\u00e9rieuse afin de construire une vision prospective qui soit capable de faire face aux d\u00e9fis, aux difficult\u00e9s et aux crises.<\/p>\n<p><img class=\"wp-image-16053 aligncenter\" data-src=\"http:\/\/www.mapoujda.ma\/map\/uploads\/2019\/11\/Des-participants-au-colloque-international-M750\u00d7430-MAP.jpg\" alt=\"\" width=\"576\" height=\"330\" srcset=\"http:\/\/www.mapoujda.ma\/map\/uploads\/2019\/11\/Des-participants-au-colloque-international-M750\u00d7430-MAP.jpg 750w, http:\/\/www.mapoujda.ma\/map\/uploads\/2019\/11\/Des-participants-au-colloque-international-M750\u00d7430-MAP-300x172.jpg 300w\" sizes=\"(max-width: 576px) 100vw, 576px\"\/><\/p>\n<p class=\"c4\">Dans cette veine, M. Benkaddour a estim\u00e9 que l\u2019intelligence \u00e9conomique est un outil indispensable pour atteindre les objectifs escompt\u00e9s, exploiter les opportunit\u00e9s offertes et s\u2019adapter aux nouveaut\u00e9s, de m\u00eame qu\u2019elle apporte un \u00e9clairage pr\u00e9cieux pour les d\u00e9cideurs et leur fournit les \u00e9l\u00e9ments dont ils ont besoin pour d\u00e9finir leurs strat\u00e9gies.<\/p>\n<p class=\"c4\">De son c\u00f4t\u00e9, Mme Rajae Meftah qui intervenait au nom de la CGEM de l\u2019Oriental, a indiqu\u00e9 que la th\u00e9matique de cet \u00e9v\u00e9nement rev\u00eat une importance majeure dans un contexte caract\u00e9ris\u00e9 par la mondialisation des march\u00e9s et le d\u00e9veloppement des technologies de l\u2019information.<\/p>\n<p class=\"c4\">Aujourd\u2019hui, l\u2019intelligence \u00e9conomique s\u2019est impos\u00e9e comme un puissant outil au service de la comp\u00e9titivit\u00e9 des pays et des soci\u00e9t\u00e9s, a-t-elle encha\u00een\u00e9, faisant savoir qu\u2019au-del\u00e0 de l\u2019information, l\u2019Intelligence \u00e9conomique (IE) veut aussi dire la gestion intelligente de la connaissance pour savoir, comprendre et anticiper sur la concurrence.<\/p>\n<p class=\"c4\">\u2018\u2019Le but ultime de l\u2019IE est de transformer l\u2019information et la connaissance en une valeur ajout\u00e9e p\u00e9renne\u2019\u2019, a encore ajout\u00e9 Mme Meftah, rappelant dans ce sens que la CGEM a mis en place une commission d\u00e9nomm\u00e9e \u2018\u2019Intelligence \u00e9conomique\u2019\u2019 et qui a pour principale mission la sensibilisation des PME et des entreprises membres sur la place de plus en plus importante que joueront le savoir et l\u2019information au sein de l\u2019entreprise.<\/p>\n<p class=\"c4\">Le secr\u00e9taire g\u00e9n\u00e9ral du Centre de recherche et de d\u00e9veloppement de l\u2019Oriental, Hicham Saber a relev\u00e9, quant \u00e0 lui, que l\u2019essor remarquable des technologies de l\u2019information et de la communication a largement impuls\u00e9 la mondialisation croissante des \u00e9conomies.<\/p>\n<p class=\"c4\">Ces nouvelles technologies, a-t-il avanc\u00e9, ont non seulement acc\u00e9l\u00e9r\u00e9 le rythme de circulation de l\u2019information, mais elles ont \u00e9galement mis les Etats et les entreprises face \u00e0 une masse d\u2019informations surabondante, dont la port\u00e9e et la pertinence requi\u00e8rent la mise en place d\u2019un dispositif d\u2019intelligence \u00e9conomique performant et efficace.<\/p>\n<p class=\"c4\">\u2019\u2019L\u2019intelligence \u00e9conomique se per\u00e7oit aujourd\u2019hui comme le rappel de l\u2019urgence de l\u2019anticipation, de l\u2019analyse de la prospective et de la vigilance au risque permanent de faiblir, fl\u00e9chir et dispara\u00eetre\u2019\u2019, a expliqu\u00e9 M. Saber.<\/p>\n<p class=\"c4\">Le principal objectif de ce colloque international est de r\u00e9unir des chercheurs, des universitaires et des experts, du Maroc et d\u2019autres pays africains, pour enrichir le d\u00e9bat sur les sp\u00e9cificit\u00e9s de la pratique de l\u2019intelligence \u00e9conomique en Afrique et discuter l\u2019apport d\u2019un mod\u00e8le d\u2019intelligence \u00e9conomique africain.<\/p>\n<p class=\"c4\">Les interventions porteront notamment sur \u2018\u2019les d\u00e9fis de l\u2019intelligence \u00e9conomique en Afrique\u2019\u2019, \u2018\u2019les technologies de l\u2019information et de la communication et intelligence \u00e9conomique\u2019\u2019, \u2018\u2019l\u2019intelligence \u00e9conomique et gouvernance du territoire\u2019\u2019, \u2018\u2019les politiques d\u2019intelligence \u00e9conomique\u2019\u2019, \u2018\u2019la veille technologique et l\u2019innovation\u2019\u2019, \u2018\u2019Big Data et Open Data\u2019\u2019, \u2018\u2019l\u2019IE et diplomatie \u00e9conomique\u2019\u2019, \u2018\u2019lobbying et influence\u2019\u2019, \u2018\u2019l\u2019intelligence \u00e9conomique et commerce international\u2019\u2019, \u2018\u2019les formations en intelligence \u00e9conomique dans les universit\u00e9s marocaines : Etat des lieux et d\u00e9fis\u2019\u2019.<\/p>\n<p>Auteur: Soufiane ELAHMAR<br \/>\n<a href=\"http:\/\/www.mapoujda.ma\/fr\/la-pratique-de-lintelligence-economique-en-afrique-en-debat\/\">Cliquez ici pour lire l&rsquo;article depuis sa source.<\/a><\/p>\n","protected":false},"excerpt":{"rendered":"<p>En Afrique, l\u2019intelligence \u00e9conomique est per\u00e7ue comme \u00e9tant un imp\u00e9ratif de premier plan pour les pays souhaitant s\u2019ins\u00e9rer dans l\u2019\u00e9conomie mondiale, ont soulign\u00e9, vendredi \u00e0 Oujda, des participants \u00e0 un colloque international. \u2018\u2019Il s\u2019agit d\u2019une composante essentielle du d\u00e9veloppement \u00e9conomique qui constitue l\u2019un des enjeux d\u2019int\u00e9gration des pays de l\u2019Afrique dans l\u2019\u00e9conomie mondiale\u2019\u2019, ont-ils fait [&hellip;]<\/p>\n","protected":false},"author":1788,"featured_media":68341,"comment_status":"closed","ping_status":"closed","sticky":false,"template":"","format":"standard","meta":{"fifu_image_url":"","fifu_image_alt":"","footnotes":""},"categories":[54,76],"tags":[],"class_list":["post-68340","post","type-post","status-publish","format-standard","has-post-thumbnail","hentry","category-maroc","category-regions"],"_links":{"self":[{"href":"https:\/\/linitiative.ca\/International\/wp-json\/wp\/v2\/posts\/68340","targetHints":{"allow":["GET"]}}],"collection":[{"href":"https:\/\/linitiative.ca\/International\/wp-json\/wp\/v2\/posts"}],"about":[{"href":"https:\/\/linitiative.ca\/International\/wp-json\/wp\/v2\/types\/post"}],"author":[{"embeddable":true,"href":"https:\/\/linitiative.ca\/International\/wp-json\/wp\/v2\/users\/1788"}],"replies":[{"embeddable":true,"href":"https:\/\/linitiative.ca\/International\/wp-json\/wp\/v2\/comments?post=68340"}],"version-history":[{"count":0,"href":"https:\/\/linitiative.ca\/International\/wp-json\/wp\/v2\/posts\/68340\/revisions"}],"wp:featuredmedia":[{"embeddable":true,"href":"https:\/\/linitiative.ca\/International\/wp-json\/"}],"wp:attachment":[{"href":"https:\/\/linitiative.ca\/International\/wp-json\/wp\/v2\/media?parent=68340"}],"wp:term":[{"taxonomy":"category","embeddable":true,"href":"https:\/\/linitiative.ca\/International\/wp-json\/wp\/v2\/categories?post=68340"},{"taxonomy":"post_tag","embeddable":true,"href":"https:\/\/linitiative.ca\/International\/wp-json\/wp\/v2\/tags?post=68340"}],"curies":[{"name":"wp","href":"https:\/\/api.w.org\/{rel}","templated":true}]}}