{"id":68342,"date":"2019-11-22T17:24:40","date_gmt":"2019-11-22T22:24:40","guid":{"rendered":"https:\/\/linitiative.ca\/International\/coup-denvoi-de-la-3e-edition-du-salon-regional-de-lolive\/"},"modified":"2019-11-22T17:24:40","modified_gmt":"2019-11-22T22:24:40","slug":"coup-denvoi-de-la-3e-edition-du-salon-regional-de-lolive","status":"publish","type":"post","link":"https:\/\/linitiative.ca\/International\/coup-denvoi-de-la-3e-edition-du-salon-regional-de-lolive\/","title":{"rendered":"Coup d\u2019envoi de la 3\u00e8 \u00e9dition du Salon r\u00e9gional de l\u2019olive"},"content":{"rendered":"<p class=\"c4\">La 3\u00e8me \u00e9dition du Salon r\u00e9gional de l\u2019olive de Guercif s\u2019est ouverte vendredi, sous le th\u00e8me \u00abLa formation professionnelle, un enjeu strat\u00e9gique pour le d\u00e9veloppement de la fili\u00e8re de la production ol\u00e9icole\u00bb.<\/p>\n<p class=\"c4\">Organis\u00e9 par la Direction r\u00e9gionale de l\u2019Agriculture et la Chambre d\u2019Agriculture de la r\u00e9gion de l\u2019Oriental, en partenariat avec la province de Guercif, le Conseil provincial de Guercif et l\u2019Association du festival de l\u2019olivier, cet \u00e9v\u00e8nement se poursuit jusqu\u2019au 27 novembre courant avec pour objectif principal d\u2019accompagner, consolider et renforcer la dynamique de d\u00e9veloppement du secteur agricole dans le cadre du Plan Maroc Vert (PMV).<\/p>\n<p class=\"c4\">Il s\u2019agit aussi de promouvoir le r\u00f4le de la fili\u00e8re ol\u00e9icole dans l\u2019accroissement du d\u00e9veloppement au niveau provincial et r\u00e9gional, indiquent les organisateurs.<\/p>\n<p class=\"c4\">Le coup d\u2019envoi de cette manifestation a \u00e9t\u00e9 donn\u00e9 en pr\u00e9sence du secr\u00e9taire g\u00e9n\u00e9ral du minist\u00e8re de l\u2019Agriculture, de la P\u00eache maritime, du D\u00e9veloppement rural et des Eaux et for\u00eats, Mohamed Sadiki, du Wali de la r\u00e9gion de l\u2019Oriental, gouverneur de la pr\u00e9fecture d\u2019Oujda-Angad, Mouad El Jamai et du gouverneur de la province de Guercif, Hassan Belmahi.<\/p>\n<p class=\"c4\">Ont pris \u00e9galement part \u00e0 la c\u00e9r\u00e9monie d\u2019inauguration, le directeur r\u00e9gional de l\u2019Agriculture, le pr\u00e9sident de la Chambre d\u2019agriculture de la r\u00e9gion de l\u2019Oriental, des \u00e9lus et plusieurs autres personnalit\u00e9s.<\/p>\n<p class=\"c4\">A cette occasion, la d\u00e9l\u00e9gation officielle a suivi des explications sur l\u2019\u00e9tat d\u2019avancement du programme de d\u00e9veloppement de la fili\u00e8re ol\u00e9icole dans la r\u00e9gion de l\u2019Oriental et du programme de promotion des arbres fruitiers dans la province de Guercif, sur le projet du centre de qualification agricole \u00e0 la commune de Taddart (province de Guercif) et sur la contribution de la Chambre r\u00e9gionale d\u2019Agriculture en mati\u00e8re de d\u00e9veloppement agricole au titre de la saison agricole 2018-2019.<\/p>\n<p><img class=\"wp-image-16062 aligncenter\" data-src=\"http:\/\/www.mapoujda.ma\/map\/uploads\/2019\/11\/la-d\u00e9l\u00e9gation-officielle-suit-des-explications-M750\u00d7430-MAP.jpg\" alt=\"\" width=\"576\" height=\"330\" srcset=\"http:\/\/www.mapoujda.ma\/map\/uploads\/2019\/11\/la-d\u00e9l\u00e9gation-officielle-suit-des-explications-M750\u00d7430-MAP.jpg 750w, http:\/\/www.mapoujda.ma\/map\/uploads\/2019\/11\/la-d\u00e9l\u00e9gation-officielle-suit-des-explications-M750\u00d7430-MAP-300x172.jpg 300w\" sizes=\"(max-width: 576px) 100vw, 576px\"\/><\/p>\n<p class=\"c4\">Dans une d\u00e9claration \u00e0 la presse, M. Sadiki a soulign\u00e9 que ce salon offre un espace tr\u00e8s important pour l\u2019\u00e9change des expertises entre producteurs et experts, notant que cette initiative s\u2019inscrit dans le cadre de la dynamique de d\u00e9veloppement que connait le secteur agricole \u00e0 la faveur du PMV.<\/p>\n<p class=\"c4\">D\u00e8s son lancement, ce plan a accord\u00e9 une importance particuli\u00e8re \u00e0 la fili\u00e8re ol\u00e9icole, et ce en proc\u00e9dant \u00e0 l\u2019organisation de la profession sur l\u2019ensemble des cha\u00eenons de cette fili\u00e8re et en d\u00e9ployant des aides \u00e0 la plantation de l\u2019olivier et \u00e0 la valorisation des produits, a-t-il relev\u00e9.<\/p>\n<p class=\"c4\">La r\u00e9gion de l\u2019Oriental en g\u00e9n\u00e9ral et la province de Guercif en particulier ont connu la cr\u00e9ation de nombreuses unit\u00e9s de production ol\u00e9icole, a affirm\u00e9 M. Sadiki, ajoutant qu\u2019au niveau national, la superficie plant\u00e9e en olivier a atteint 1,2 million d\u2019hectares, dont pr\u00e8s d\u2019un million d\u2019hectares productifs, ce qui a permis d\u2019atteindre une r\u00e9colte record de deux millions de tonnes.<\/p>\n<p class=\"c4\">Ce volume devrait encore augmenter dans les ann\u00e9es \u00e0 venir, a-t-il dit, pr\u00e9cisant que la r\u00e9gion de l\u2019Oriental, totalise 120.000 ha plant\u00e9s en olivier, r\u00e9alisant une production annuelle de 200.000 tonnes.<\/p>\n<p class=\"c4\">La province de Guercif est connue pour l\u2019importance de son secteur ol\u00e9icole et par le dynamisme des coop\u00e9ratives locales, en particulier les coop\u00e9ratives f\u00e9minines, s\u2019est-il f\u00e9licit\u00e9, mettant en exergue le fort impact social de ce secteur en mati\u00e8re de cr\u00e9ation d\u2019emplois et de d\u00e9veloppement des revenus de la population locale.<\/p>\n<p class=\"c4\">Ce salon, qui s\u2019\u00e9tale sur une superficie couverte globale de 4.500 m\u00b2, se caract\u00e9rise cette ann\u00e9e par la diversit\u00e9 et la richesse de son programme qui comporte une multitude d\u2019activit\u00e9s.<\/p>\n<p><img class=\"wp-image-16063 aligncenter\" data-src=\"http:\/\/www.mapoujda.ma\/map\/uploads\/2019\/11\/Salon-r\u00e9gional-de-l\u2019olive-vue-de-lint\u00e9rieur-M750\u00d7430-MAP.jpg\" alt=\"\" width=\"576\" height=\"330\" srcset=\"http:\/\/www.mapoujda.ma\/map\/uploads\/2019\/11\/Salon-r\u00e9gional-de-l\u2019olive-vue-de-lint\u00e9rieur-M750\u00d7430-MAP.jpg 750w, http:\/\/www.mapoujda.ma\/map\/uploads\/2019\/11\/Salon-r\u00e9gional-de-l\u2019olive-vue-de-lint\u00e9rieur-M750\u00d7430-MAP-300x172.jpg 300w\" sizes=\"(max-width: 576px) 100vw, 576px\"\/><\/p>\n<p class=\"c4\">Un espace d\u2019exposition couvert d\u2019une superficie de 2.900 m2 a \u00e9t\u00e9 am\u00e9nag\u00e9 \u00e0 cet effet, accueillant une centaine d\u2019exposants et qui est compos\u00e9 de trois p\u00f4les consacr\u00e9s respectivement \u00e0 l\u2019exposition des produits des coop\u00e9ratives, sp\u00e9cialement celles oeuvrant dans la production de l\u2019olive et de l\u2019huile d\u2019olive, \u00e0 l\u2019accueil des soci\u00e9t\u00e9s et \u00e9tablissements financiers et aux stands des institutions.<\/p>\n<p class=\"c4\">Cette \u00e9dition sera aussi marqu\u00e9e par l\u2019organisation d\u2019un s\u00e9minaire international avec la participation d\u2019experts reconnus dans la fili\u00e8re ol\u00e9icole, ainsi que d\u2019ateliers au profit des agriculteurs autour des bonnes pratiques de production et des techniques de commercialisation des produits ol\u00e9icoles, en plus de la communication autour des incitations et aides octroy\u00e9es par le Fonds de d\u00e9veloppement agricole (FDA). Une salle couverte dont de 1.200 m\u00b2 est mise en place \u00e0 cet effet.<\/p>\n<p class=\"c4\">Figure au programme \u00e9galement un concours pour le choix de la meilleure huile d\u2019olive extra vierge, outre la d\u00e9gustation des produits des exposants \u00e0 travers l\u2019organisation d\u2019un atelier technique de d\u00e9gustation, sous la supervision d\u2019un comit\u00e9 compos\u00e9 d\u2019experts de la commission nationale de d\u00e9gustation de l\u2019huile d\u2019olive.<\/p>\n<p class=\"c4\">De m\u00eame, un espace de conseil agricole de 150 m\u00b2 a \u00e9t\u00e9 am\u00e9nag\u00e9 et \u00e9quip\u00e9 de guichets d\u00e9di\u00e9s aux consultations sur la conduite de la fili\u00e8re ol\u00e9icole, en plus de la r\u00e9servation d\u2019un espace couvert de 250 m\u00b2 d\u00e9di\u00e9 aux expos\u00e9s et ateliers p\u00e9dagogiques dans le domaine agricole adapt\u00e9s aux enfants et aux jeunes visiteurs du salon.<\/p>\n<p class=\"c4\">Le salon comporte de m\u00eame une exposition externe des \u00e9quipements et machines agricoles.<\/p>\n<p class=\"c4\">Les organisateurs s\u2019attendent \u00e0 une affluence importante de plus de 50.000 visiteurs pour ce salon, qui constitue, selon eux, une occasion pour cr\u00e9er une nouvelle dynamique et promouvoir l\u2019\u00e9conomie provinciale et r\u00e9gionale.<\/p>\n<p>Auteur: Soufiane ELAHMAR<br \/>\n<a href=\"http:\/\/www.mapoujda.ma\/fr\/coup-denvoi-de-la-3e-edition-du-salon-regional-de-lolive\/\">Cliquez ici pour lire l&rsquo;article depuis sa source.<\/a><\/p>\n","protected":false},"excerpt":{"rendered":"<p>La 3\u00e8me \u00e9dition du Salon r\u00e9gional de l\u2019olive de Guercif s\u2019est ouverte vendredi, sous le th\u00e8me \u00abLa formation professionnelle, un enjeu strat\u00e9gique pour le d\u00e9veloppement de la fili\u00e8re de la production ol\u00e9icole\u00bb. Organis\u00e9 par la Direction r\u00e9gionale de l\u2019Agriculture et la Chambre d\u2019Agriculture de la r\u00e9gion de l\u2019Oriental, en partenariat avec la province de Guercif, [&hellip;]<\/p>\n","protected":false},"author":1788,"featured_media":68343,"comment_status":"closed","ping_status":"closed","sticky":false,"template":"","format":"standard","meta":{"fifu_image_url":"","fifu_image_alt":"","footnotes":""},"categories":[54,76],"tags":[],"class_list":["post-68342","post","type-post","status-publish","format-standard","has-post-thumbnail","hentry","category-maroc","category-regions"],"_links":{"self":[{"href":"https:\/\/linitiative.ca\/International\/wp-json\/wp\/v2\/posts\/68342","targetHints":{"allow":["GET"]}}],"collection":[{"href":"https:\/\/linitiative.ca\/International\/wp-json\/wp\/v2\/posts"}],"about":[{"href":"https:\/\/linitiative.ca\/International\/wp-json\/wp\/v2\/types\/post"}],"author":[{"embeddable":true,"href":"https:\/\/linitiative.ca\/International\/wp-json\/wp\/v2\/users\/1788"}],"replies":[{"embeddable":true,"href":"https:\/\/linitiative.ca\/International\/wp-json\/wp\/v2\/comments?post=68342"}],"version-history":[{"count":0,"href":"https:\/\/linitiative.ca\/International\/wp-json\/wp\/v2\/posts\/68342\/revisions"}],"wp:featuredmedia":[{"embeddable":true,"href":"https:\/\/linitiative.ca\/International\/wp-json\/"}],"wp:attachment":[{"href":"https:\/\/linitiative.ca\/International\/wp-json\/wp\/v2\/media?parent=68342"}],"wp:term":[{"taxonomy":"category","embeddable":true,"href":"https:\/\/linitiative.ca\/International\/wp-json\/wp\/v2\/categories?post=68342"},{"taxonomy":"post_tag","embeddable":true,"href":"https:\/\/linitiative.ca\/International\/wp-json\/wp\/v2\/tags?post=68342"}],"curies":[{"name":"wp","href":"https:\/\/api.w.org\/{rel}","templated":true}]}}