{"id":68344,"date":"2019-11-23T00:20:00","date_gmt":"2019-11-23T05:20:00","guid":{"rendered":"https:\/\/linitiative.ca\/International\/imkan-investit-15-milliard-a-rabat\/"},"modified":"2019-11-23T00:20:00","modified_gmt":"2019-11-23T05:20:00","slug":"imkan-investit-15-milliard-a-rabat","status":"publish","type":"post","link":"https:\/\/linitiative.ca\/International\/imkan-investit-15-milliard-a-rabat\/","title":{"rendered":"Imkan investit 1,5 milliard \u00e0 Rabat"},"content":{"rendered":"<p class=\"rtejustify\">Le groupe Imkan bas\u00e9 \u00e0 Abou Dhabi vient de lancer son projet Le Caroussel sur la corniche de Rabat. Etendu sur 100.000 m\u00b2, ce projet est compos\u00e9 de r\u00e9sidences, de restaurants, d\u2019un h\u00f4tel 5 \u00e9toiles, d\u2019un centre commercial et d\u2019un quartier d\u2019affaires. La valeur du projet s\u2019\u00e9l\u00e8ve \u00e0 1,5 milliard de DH et devrait cr\u00e9er 1.100 emplois.<\/p>\n<p class=\"rtejustify\"><em>M.A.M.<\/em><\/p>\n<p class=\"rtejustify\">\u00a0<\/p>\n<p>Auteur: hlafriqi<br \/>\n<a href=\"https:\/\/www.leconomiste.com\/article\/1053486-imkan-investit-1-5-milliard-rabat\">Cliquez ici pour lire l&rsquo;article depuis sa source.<\/a><\/p>\n","protected":false},"excerpt":{"rendered":"<p>Le groupe Imkan bas\u00e9 \u00e0 Abou Dhabi vient de lancer son projet Le Caroussel sur la corniche de Rabat. Etendu sur 100.000 m\u00b2, ce projet est compos\u00e9 de r\u00e9sidences, de restaurants, d\u2019un h\u00f4tel 5 \u00e9toiles, d\u2019un centre commercial et d\u2019un quartier d\u2019affaires. La valeur du projet s\u2019\u00e9l\u00e8ve \u00e0 1,5 milliard de DH et devrait cr\u00e9er [&hellip;]<\/p>\n","protected":false},"author":1763,"featured_media":0,"comment_status":"closed","ping_status":"closed","sticky":false,"template":"","format":"standard","meta":{"fifu_image_url":"","fifu_image_alt":"","footnotes":""},"categories":[78,54],"tags":[],"class_list":["post-68344","post","type-post","status-publish","format-standard","hentry","category-economie","category-maroc"],"_links":{"self":[{"href":"https:\/\/linitiative.ca\/International\/wp-json\/wp\/v2\/posts\/68344","targetHints":{"allow":["GET"]}}],"collection":[{"href":"https:\/\/linitiative.ca\/International\/wp-json\/wp\/v2\/posts"}],"about":[{"href":"https:\/\/linitiative.ca\/International\/wp-json\/wp\/v2\/types\/post"}],"author":[{"embeddable":true,"href":"https:\/\/linitiative.ca\/International\/wp-json\/wp\/v2\/users\/1763"}],"replies":[{"embeddable":true,"href":"https:\/\/linitiative.ca\/International\/wp-json\/wp\/v2\/comments?post=68344"}],"version-history":[{"count":0,"href":"https:\/\/linitiative.ca\/International\/wp-json\/wp\/v2\/posts\/68344\/revisions"}],"wp:attachment":[{"href":"https:\/\/linitiative.ca\/International\/wp-json\/wp\/v2\/media?parent=68344"}],"wp:term":[{"taxonomy":"category","embeddable":true,"href":"https:\/\/linitiative.ca\/International\/wp-json\/wp\/v2\/categories?post=68344"},{"taxonomy":"post_tag","embeddable":true,"href":"https:\/\/linitiative.ca\/International\/wp-json\/wp\/v2\/tags?post=68344"}],"curies":[{"name":"wp","href":"https:\/\/api.w.org\/{rel}","templated":true}]}}