{"id":68348,"date":"2019-11-23T15:14:09","date_gmt":"2019-11-23T20:14:09","guid":{"rendered":"https:\/\/linitiative.ca\/International\/pros-liga-mandi-et-le-betis-simposent-sur-le-fil-face-a-valence\/"},"modified":"2019-11-23T15:14:09","modified_gmt":"2019-11-23T20:14:09","slug":"pros-liga-mandi-et-le-betis-simposent-sur-le-fil-face-a-valence","status":"publish","type":"post","link":"https:\/\/linitiative.ca\/International\/pros-liga-mandi-et-le-betis-simposent-sur-le-fil-face-a-valence\/","title":{"rendered":"Pros : Liga : Mandi et le Betis s&rsquo;imposent sur le fil face \u00e0 Valence"},"content":{"rendered":"<div readability=\"32\">\n<p>Auteur : <span class=\"time\">samedi 23 novembre 2019 19:55<\/span><\/p>\n<\/div>\n<div id=\"post_core\" readability=\"40\">\n<p>A l&rsquo;occasion de cette 14e journ\u00e9e de Liga, le Betis recevait Valence pour un duel d\u2019\u00e9quipes mal en point. Ce sont les locaux qui ont fini par s\u2019imposer 2-1 gr\u00e2ce \u00e0 un but marqu\u00e9 dans les ultimes secondes comme l&rsquo;indique Footmercato.<\/p>\n<p>C\u2019est pourtant Maxi Gomez qui avait mis les Ch\u00e9s sur les bons rails (32e) mais la l\u00e9gende Joaquin a \u00e9galis\u00e9 sans attendre (37e). Alors qu\u2019on se dirigeait vers un nul, Canales offrait la victoire aux Verdiblancos (90e+5). Ces derniers sont 14es alors que Valence est 10e.<\/p>\n<p><strong>Publi\u00e9 dans :<\/strong> <span>Valence<\/span><\/p>\n<\/div>\n<p>Auteur:<br \/>\n<a href=\"http:\/\/www.lebuteur.com\/article\/detail?titre=liga-mandi-et-le-betis-simposent-sur-le-fil-face-a-valence&#038;id=93124&#038;utm_source=feedburner&#038;utm_medium=feed&#038;utm_campaign=Feed%3A+GalerieFArtciles+%28Les+derniers+articles++-+lebuteur.com%29\">Cliquez ici pour lire l&rsquo;article depuis sa source.<\/a><\/p>\n","protected":false},"excerpt":{"rendered":"<p>Auteur : samedi 23 novembre 2019 19:55 A l&rsquo;occasion de cette 14e journ\u00e9e de Liga, le Betis recevait Valence pour un duel d\u2019\u00e9quipes mal en point. Ce sont les locaux qui ont fini par s\u2019imposer 2-1 gr\u00e2ce \u00e0 un but marqu\u00e9 dans les ultimes secondes comme l&rsquo;indique Footmercato. C\u2019est pourtant Maxi Gomez qui avait mis [&hellip;]<\/p>\n","protected":false},"author":1738,"featured_media":68349,"comment_status":"closed","ping_status":"closed","sticky":false,"template":"","format":"standard","meta":{"fifu_image_url":"","fifu_image_alt":"","footnotes":""},"categories":[53,75],"tags":[],"class_list":["post-68348","post","type-post","status-publish","format-standard","has-post-thumbnail","hentry","category-algerie","category-sport"],"_links":{"self":[{"href":"https:\/\/linitiative.ca\/International\/wp-json\/wp\/v2\/posts\/68348","targetHints":{"allow":["GET"]}}],"collection":[{"href":"https:\/\/linitiative.ca\/International\/wp-json\/wp\/v2\/posts"}],"about":[{"href":"https:\/\/linitiative.ca\/International\/wp-json\/wp\/v2\/types\/post"}],"author":[{"embeddable":true,"href":"https:\/\/linitiative.ca\/International\/wp-json\/wp\/v2\/users\/1738"}],"replies":[{"embeddable":true,"href":"https:\/\/linitiative.ca\/International\/wp-json\/wp\/v2\/comments?post=68348"}],"version-history":[{"count":0,"href":"https:\/\/linitiative.ca\/International\/wp-json\/wp\/v2\/posts\/68348\/revisions"}],"wp:featuredmedia":[{"embeddable":true,"href":"https:\/\/linitiative.ca\/International\/wp-json\/"}],"wp:attachment":[{"href":"https:\/\/linitiative.ca\/International\/wp-json\/wp\/v2\/media?parent=68348"}],"wp:term":[{"taxonomy":"category","embeddable":true,"href":"https:\/\/linitiative.ca\/International\/wp-json\/wp\/v2\/categories?post=68348"},{"taxonomy":"post_tag","embeddable":true,"href":"https:\/\/linitiative.ca\/International\/wp-json\/wp\/v2\/tags?post=68348"}],"curies":[{"name":"wp","href":"https:\/\/api.w.org\/{rel}","templated":true}]}}