{"id":68350,"date":"2019-11-23T15:14:11","date_gmt":"2019-11-23T20:14:11","guid":{"rendered":"https:\/\/linitiative.ca\/International\/pros-nice-malgre-la-defaite-une-bonne-premiere-de-boudaoui-face-a-lyon\/"},"modified":"2019-11-23T15:14:11","modified_gmt":"2019-11-23T20:14:11","slug":"pros-nice-malgre-la-defaite-une-bonne-premiere-de-boudaoui-face-a-lyon","status":"publish","type":"post","link":"https:\/\/linitiative.ca\/International\/pros-nice-malgre-la-defaite-une-bonne-premiere-de-boudaoui-face-a-lyon\/","title":{"rendered":"Pros : Nice : Malgr\u00e9 la d\u00e9faite, une bonne premi\u00e8re de Boudaoui face \u00e0 Lyon"},"content":{"rendered":"<div readability=\"32\">\n<p>Auteur : <span class=\"time\">samedi 23 novembre 2019 20:01<\/span><\/p>\n<\/div>\n<div id=\"post_core\" readability=\"47\">\n<p>Battu \u00e0 Marseille avant la tr\u00eave internationale (2-1), l&rsquo;OL se relance contre Nice (2-1) lors de l&rsquo;affiche de la 14 journ\u00e9e de Ligue 1 ce samedi. Priv\u00e9 de Memphis Depay, les joueurs de Rudi Garcia ont fait la diff\u00e9rence en d\u00e9but de match par l&rsquo;interm\u00e9diaire de Reine-Adela\u00efde (10e) puis de Demb\u00e9l\u00e9 (28e) avant\u00a0l&rsquo;expulsion de Mar\u00e7al (34e) pour un pied haut sur Hichem Boudaoui. L&rsquo;international alg\u00e9rien a obtenu les meilleures occasions de son \u00e9quipe, avec notamment une passe pour Dolberg, tout proche d&rsquo;\u00e9galiser. En seconde p\u00e9riode, son repositionnement dans l&rsquo;axe a \u00e9t\u00e9 judicieux puisqu&rsquo;en plus d&rsquo;avoir apport\u00e9 le danger sur ses perc\u00e9es, il est \u00e0 l&rsquo;origine du but de Dolberg (78e).<\/p>\n<p>De son c\u00f4t\u00e9, Adam Ounas a \u00e9t\u00e9 une menace constante face \u00e0 l&rsquo;OL. D&rsquo;abord brid\u00e9 dans une position de num\u00e9ro 10, il a fait de gros d\u00e9g\u00e2ts en seconde p\u00e9riode, dans le couloir droit.<br \/>\u00a0<\/p>\n<p><strong>Publi\u00e9 dans :<\/strong> <span>Nice<\/span><\/p>\n<\/div>\n<p>Auteur:<br \/>\n<a href=\"http:\/\/www.lebuteur.com\/article\/detail?titre=nice-malgre-la-defaite-une-bonne-premiere-de-boudaoui-face-a-lyon&#038;id=93125&#038;utm_source=feedburner&#038;utm_medium=feed&#038;utm_campaign=Feed%3A+GalerieFArtciles+%28Les+derniers+articles++-+lebuteur.com%29\">Cliquez ici pour lire l&rsquo;article depuis sa source.<\/a><\/p>\n","protected":false},"excerpt":{"rendered":"<p>Auteur : samedi 23 novembre 2019 20:01 Battu \u00e0 Marseille avant la tr\u00eave internationale (2-1), l&rsquo;OL se relance contre Nice (2-1) lors de l&rsquo;affiche de la 14 journ\u00e9e de Ligue 1 ce samedi. Priv\u00e9 de Memphis Depay, les joueurs de Rudi Garcia ont fait la diff\u00e9rence en d\u00e9but de match par l&rsquo;interm\u00e9diaire de Reine-Adela\u00efde (10e) [&hellip;]<\/p>\n","protected":false},"author":1738,"featured_media":68351,"comment_status":"closed","ping_status":"closed","sticky":false,"template":"","format":"standard","meta":{"fifu_image_url":"","fifu_image_alt":"","footnotes":""},"categories":[53,75],"tags":[],"class_list":["post-68350","post","type-post","status-publish","format-standard","has-post-thumbnail","hentry","category-algerie","category-sport"],"_links":{"self":[{"href":"https:\/\/linitiative.ca\/International\/wp-json\/wp\/v2\/posts\/68350","targetHints":{"allow":["GET"]}}],"collection":[{"href":"https:\/\/linitiative.ca\/International\/wp-json\/wp\/v2\/posts"}],"about":[{"href":"https:\/\/linitiative.ca\/International\/wp-json\/wp\/v2\/types\/post"}],"author":[{"embeddable":true,"href":"https:\/\/linitiative.ca\/International\/wp-json\/wp\/v2\/users\/1738"}],"replies":[{"embeddable":true,"href":"https:\/\/linitiative.ca\/International\/wp-json\/wp\/v2\/comments?post=68350"}],"version-history":[{"count":0,"href":"https:\/\/linitiative.ca\/International\/wp-json\/wp\/v2\/posts\/68350\/revisions"}],"wp:featuredmedia":[{"embeddable":true,"href":"https:\/\/linitiative.ca\/International\/wp-json\/"}],"wp:attachment":[{"href":"https:\/\/linitiative.ca\/International\/wp-json\/wp\/v2\/media?parent=68350"}],"wp:term":[{"taxonomy":"category","embeddable":true,"href":"https:\/\/linitiative.ca\/International\/wp-json\/wp\/v2\/categories?post=68350"},{"taxonomy":"post_tag","embeddable":true,"href":"https:\/\/linitiative.ca\/International\/wp-json\/wp\/v2\/tags?post=68350"}],"curies":[{"name":"wp","href":"https:\/\/api.w.org\/{rel}","templated":true}]}}