{"id":68354,"date":"2019-11-23T15:18:59","date_gmt":"2019-11-23T20:18:59","guid":{"rendered":"https:\/\/linitiative.ca\/International\/m-abdelmadjid-tebboune-a-batna-et-a-khenchela-je-mengage-a-resoudre-les-problemes-du-logement-et-du-chomage\/"},"modified":"2019-11-23T15:18:59","modified_gmt":"2019-11-23T20:18:59","slug":"m-abdelmadjid-tebboune-a-batna-et-a-khenchela-je-mengage-a-resoudre-les-problemes-du-logement-et-du-chomage","status":"publish","type":"post","link":"https:\/\/linitiative.ca\/International\/m-abdelmadjid-tebboune-a-batna-et-a-khenchela-je-mengage-a-resoudre-les-problemes-du-logement-et-du-chomage\/","title":{"rendered":"M. Abdelmadjid Tebboune \u00e0 Batna et \u00e0 Khenchela : \u00ab Je m\u2019engage \u00e0 r\u00e9soudre les probl\u00e8mes du logement et du ch\u00f4mage \u00bb"},"content":{"rendered":"<p>De notre envoy\u00e9 sp\u00e9cial : Karim Aoudia<\/p>\n<p><strong>R\u00e9solution des crises du logement et du ch\u00f4mage, promotion et revalorisation des comp\u00e9tences de la jeunesse,\u00a0 traitement de tous les dossiers encore en suspens&#8230;<\/strong><\/p>\n<p>Ce sont l\u00e0 les engagements du candidat \u00e0 la pr\u00e9sidentielle Abdelmadjid Tebboune qu\u2019il a \u00e9num\u00e9r\u00e9s hier lors du meeting qu\u2019il a anim\u00e9 \u00e0 Batna. A partir de la capitale des Aur\u00e8s, et face \u00e0 une assistance nombreuse r\u00e9unie \u00e0 l\u2019occasion l\u2019int\u00e9rieur de la maison de la Culture, sise au chef-lieu de la wilaya, il a aussi promis de poursuivre la lutte contre la corruption et les corrupteurs.\u00a0\u00abLes poursuites contre la bande qui a d\u00e9tourn\u00e9 les deniers publics seront maintenues\u00bb, a-t-il dit, rappelant qu\u2019en 2017, il a \u00e9t\u00e9 victime des agissements de cette m\u00eame bande qui continue encore \u00e0 le cibler.<br \/>Tout en r\u00e9it\u00e9rant son serment \u00e0 transmettre le flambeau \u00e0 la jeunesse, il s\u2019engage, s\u2019il est \u00e9lu,\u00a0\u00ab\u00e0 la mise en \u0153uvre rapide de la d\u00e9cision d\u2019int\u00e9gration de 400.000 fonctionnaires\u00bb, ce qui contribuera \u00e0 la r\u00e9solution du probl\u00e8me du ch\u00f4mage. Il a aussi assur\u00e9 de la prise en charge de l\u2019ensemble des revendications exprim\u00e9es dans le sillage du mouvement citoyen du 22 f\u00e9vrier dans le cadre de son projet de changement qu\u2019il promet de mettre en \u0153uvre dans le cas de victoire \u00e0 l\u2019issue du prochain scrutin. Il encha\u00eene en mettant en relief l\u2019importance que rev\u00eat ce rendez-vous des urnes d\u00e9terminant pour l\u2019avenir de l\u2019Alg\u00e9rie dans la mesure o\u00f9 il constitue une opportunit\u00e9 pour consacrer le principe de la souverainet\u00e9 nationale, en vertu des articles 7 et 8 de la Constitution.<br \/>\u00abCette \u00e9lection est la voie idoine pour r\u00e9aliser le changement souhait\u00e9 par le peuple\u00bb, affirme-t-il. Il explique \u00e0 ce propos que ceux qui ont un avis contraire sont libres de leur position, sauf qu\u2019ils ne doivent, en aucun cas, recourir \u00e0 une quelconque forme de violence dans le sens \u00e0 emp\u00eacher leurs concitoyens d\u2019accomplir leur devoir institutionnel.<br \/>Abdelmadjid Tebboune a r\u00e9it\u00e9r\u00e9 en outre son engagement de proc\u00e9der \u00e0 une profonde r\u00e9vision de la Constitution, un chantier pour lequel il compte associer les experts du domaine juridique de m\u00eame que les comp\u00e9tences de la soci\u00e9t\u00e9 civile. Le candidat a eu d\u00e9j\u00e0 \u00e0 indiquer \u00e0 partir de Constantine, que l\u2019actuelle loi fondamental comprend des vides \u00e0 combler en mati\u00e8re notamment de s\u00e9paration des pouvoirs et d\u2019organisation des \u00e9lections. Hier \u00e0 Batna, il a aussi plaid\u00e9 en faveur de la r\u00e9vision de la loi \u00e9lectorale dans le but, a-t-il pr\u00e9cis\u00e9, de mettre un terme d\u00e9finitif \u00e0 l\u2019intrusion de l\u2019argent sale dans le processus \u00e9lectoral. Ce qui a contribu\u00e9, a-t-il d\u00e9plor\u00e9, \u00ab\u00e0 la marginalisation des jeunes comp\u00e9tences de la vie politique\u00bb.<\/p>\n<p><strong>\u00a0\u00ab\u00a0J\u2019apporterais une solution \u00e0 tous les dossiers en suspens. \u00bb<\/strong><\/p>\n<p>Se pr\u00e9sentant comme un fin connaisseur de plusieurs dossiers encore en suspens, Abdelmadjid Tebboune, promet d\u2019apporter sans trop tarder, s\u2019il est \u00e9lu, une solution \u00e0 ces derniers. Il s\u2019agit, a-t-il \u00e9num\u00e9r\u00e9 des dossiers des invalides et des retrait\u00e9s de l\u2019Arm\u00e9e nationale, de m\u00eame que celui des rappel\u00e9s du service national.<br \/>Apr\u00e8s Batna, le pr\u00e9tendant au poste de la magistrature supr\u00eame s\u2019est rendu \u00e0 Khenchela o\u00f9 il a anim\u00e9 son second meeting de la journ\u00e9e. Sur les lieux, il a mis l\u2019accent notamment sur son exp\u00e9rience de pr\u00e8s de 50 ans en tant que commis d\u2019Etat qu\u2019il mettra au profit du pays dans le cas o\u00f9 il est \u00e9lu. \u00abMon objectif est d\u2019offrir le meilleur pour mon pays\u00bb, a-t-il fait savoir.<br \/>K. A.\u2008<\/p>\n<p>Auteur: elmoudjahid<br \/>\n<a href=\"http:\/\/www.elmoudjahid.com\/fr\/actualites\/144880\">Cliquez ici pour lire l&rsquo;article depuis sa source.<\/a><\/p>\n","protected":false},"excerpt":{"rendered":"<p>De notre envoy\u00e9 sp\u00e9cial : Karim Aoudia R\u00e9solution des crises du logement et du ch\u00f4mage, promotion et revalorisation des comp\u00e9tences de la jeunesse,\u00a0 traitement de tous les dossiers encore en suspens&#8230; Ce sont l\u00e0 les engagements du candidat \u00e0 la pr\u00e9sidentielle Abdelmadjid Tebboune qu\u2019il a \u00e9num\u00e9r\u00e9s hier lors du meeting qu\u2019il a anim\u00e9 \u00e0 Batna. [&hellip;]<\/p>\n","protected":false},"author":1744,"featured_media":0,"comment_status":"closed","ping_status":"closed","sticky":false,"template":"","format":"standard","meta":{"fifu_image_url":"","fifu_image_alt":"","footnotes":""},"categories":[73,53],"tags":[],"class_list":["post-68354","post","type-post","status-publish","format-standard","hentry","category-actualite","category-algerie"],"_links":{"self":[{"href":"https:\/\/linitiative.ca\/International\/wp-json\/wp\/v2\/posts\/68354","targetHints":{"allow":["GET"]}}],"collection":[{"href":"https:\/\/linitiative.ca\/International\/wp-json\/wp\/v2\/posts"}],"about":[{"href":"https:\/\/linitiative.ca\/International\/wp-json\/wp\/v2\/types\/post"}],"author":[{"embeddable":true,"href":"https:\/\/linitiative.ca\/International\/wp-json\/wp\/v2\/users\/1744"}],"replies":[{"embeddable":true,"href":"https:\/\/linitiative.ca\/International\/wp-json\/wp\/v2\/comments?post=68354"}],"version-history":[{"count":0,"href":"https:\/\/linitiative.ca\/International\/wp-json\/wp\/v2\/posts\/68354\/revisions"}],"wp:attachment":[{"href":"https:\/\/linitiative.ca\/International\/wp-json\/wp\/v2\/media?parent=68354"}],"wp:term":[{"taxonomy":"category","embeddable":true,"href":"https:\/\/linitiative.ca\/International\/wp-json\/wp\/v2\/categories?post=68354"},{"taxonomy":"post_tag","embeddable":true,"href":"https:\/\/linitiative.ca\/International\/wp-json\/wp\/v2\/tags?post=68354"}],"curies":[{"name":"wp","href":"https:\/\/api.w.org\/{rel}","templated":true}]}}