{"id":68355,"date":"2019-11-23T15:19:00","date_gmt":"2019-11-23T20:19:00","guid":{"rendered":"https:\/\/linitiative.ca\/International\/mascara-un-rendez-vous-crucial\/"},"modified":"2019-11-23T15:19:00","modified_gmt":"2019-11-23T20:19:00","slug":"mascara-un-rendez-vous-crucial","status":"publish","type":"post","link":"https:\/\/linitiative.ca\/International\/mascara-un-rendez-vous-crucial\/","title":{"rendered":"Mascara :  Un rendez-vous crucial"},"content":{"rendered":"<p>L\u2019acte de voter a un impact important sur le devenir de la soci\u00e9t\u00e9 pour choisir le futur pr\u00e9sident de la R\u00e9publique, affirment de nombreux citoyens pour lesquels l\u2019\u00e9lection r\u00e9pond au souhait de tout un peuple pour sortir de la crise.<br \/>Elle est aussi per\u00e7ue comme le moyen de pr\u00e9server les acquis et de p\u00e9renniser l\u2019autorit\u00e9 de l\u2019Etat. La campagne \u00e9lectorale se d\u00e9roule dans un climat de s\u00e9r\u00e9nit\u00e9 et les candidats sillonnent le pays pour convaincre les \u00e9lecteurs de se rendre aux urnes.<br \/>Afin de faire face \u00e0 ceux qui tentent de nuire \u00e0 la stabilit\u00e9 de l\u2019Alg\u00e9rie, il faut leur r\u00e9pondre par une participation massive au vote, nous dira un \u00e9lu de l\u2019APC de Tighennif.<br \/>\u00abLa le\u00e7on qui sera donn\u00e9e par les citoyens aux d\u00e9tracteurs de l\u2019Alg\u00e9rie s\u2019exprimera \u00e0 travers sa participation en force au prochain rendez-vous \u00e9lectoral pour rappeler que l\u2019Alg\u00e9rie est forte et unie et d\u00e9termin\u00e9e \u00e0 aller de l\u2019avant\u00bb, ajoute-t-il. D\u2019autres indiquent que le scrutin repr\u00e9sente un tournant important dans la vie de l\u2019Alg\u00e9rie et les partis doivent remplir leur r\u00f4le de sensibilisation et de mobilisation d\u2019un rendez-vous crucial pour l\u2019avenir de l\u2019Alg\u00e9rie.<br \/>Les candidats appellent les citoyens \u00e0 se rendre massivement aux urnes pour mettre fin aux tentatives de d\u00e9stabilisation, en cette conjoncture particuli\u00e8rement difficile. Il s\u2019agit pour le peuple de saisir les enjeux fondamentaux de cette \u00e9lection qui lui permettront de reprendre en main son destin et amorcer un redressement durable sans violence, ajoute un ancien d\u00e9put\u00e9, activiste du mouvement associatif. Il appelle \u00e0 la mobilisation durant la campagne \u00e9lectorale.<br \/>Par ailleurs, la d\u00e9l\u00e9gation de wilaya de l\u2019Autorit\u00e9 nationale ind\u00e9pendante des \u00e9lections (ANIE) de Mascara a organis\u00e9 hier une journ\u00e9e de formation au profit des membres de d\u00e9l\u00e9gations communales. Les membres des d\u00e9l\u00e9gations communales de l\u2019ANIE ont re\u00e7u au cours de cette journ\u00e9e de formation, encadr\u00e9e par quatre membres de la d\u00e9l\u00e9gation de wilaya, des explications sur les missions d\u00e9volues \u00e0 l\u2019Autorit\u00e9 nationale portant sur les \u00e9tapes du d\u00e9roulement de l\u2019op\u00e9ration de vote, des cadres r\u00e9glementaires de ses missions et leurs domaines d&rsquo;intervention.<br \/>\u00a0Des explications leur ont \u00e9t\u00e9 donn\u00e9es sur les dix modules programm\u00e9s portant sur le d\u00e9roulement de l&rsquo;\u00e9lection pr\u00e9sidentielle du 12 d\u00e9cembre prochain, a-t-on fait savoir. Un calendrier des \u00e9tapes de l\u2019op\u00e9ration \u00e9lectorale et un guide du cadre r\u00e9glementaire leur ont \u00e9t\u00e9 fournis, outre des publications des lois d\u00e9finissant les infractions affectant l\u2019op\u00e9ration \u00e9lectorale et les mesures \u00e0 prendre.<br \/>\u00a0\u00a0 \u00a0A. Ghomchi<br \/>\u00a0<\/p>\n<p>Auteur: elmoudjahid<br \/>\n<a href=\"http:\/\/www.elmoudjahid.com\/fr\/actualites\/144881\">Cliquez ici pour lire l&rsquo;article depuis sa source.<\/a><\/p>\n","protected":false},"excerpt":{"rendered":"<p>L\u2019acte de voter a un impact important sur le devenir de la soci\u00e9t\u00e9 pour choisir le futur pr\u00e9sident de la R\u00e9publique, affirment de nombreux citoyens pour lesquels l\u2019\u00e9lection r\u00e9pond au souhait de tout un peuple pour sortir de la crise.Elle est aussi per\u00e7ue comme le moyen de pr\u00e9server les acquis et de p\u00e9renniser l\u2019autorit\u00e9 de [&hellip;]<\/p>\n","protected":false},"author":1744,"featured_media":0,"comment_status":"closed","ping_status":"closed","sticky":false,"template":"","format":"standard","meta":{"fifu_image_url":"","fifu_image_alt":"","footnotes":""},"categories":[73,53],"tags":[],"class_list":["post-68355","post","type-post","status-publish","format-standard","hentry","category-actualite","category-algerie"],"_links":{"self":[{"href":"https:\/\/linitiative.ca\/International\/wp-json\/wp\/v2\/posts\/68355","targetHints":{"allow":["GET"]}}],"collection":[{"href":"https:\/\/linitiative.ca\/International\/wp-json\/wp\/v2\/posts"}],"about":[{"href":"https:\/\/linitiative.ca\/International\/wp-json\/wp\/v2\/types\/post"}],"author":[{"embeddable":true,"href":"https:\/\/linitiative.ca\/International\/wp-json\/wp\/v2\/users\/1744"}],"replies":[{"embeddable":true,"href":"https:\/\/linitiative.ca\/International\/wp-json\/wp\/v2\/comments?post=68355"}],"version-history":[{"count":0,"href":"https:\/\/linitiative.ca\/International\/wp-json\/wp\/v2\/posts\/68355\/revisions"}],"wp:attachment":[{"href":"https:\/\/linitiative.ca\/International\/wp-json\/wp\/v2\/media?parent=68355"}],"wp:term":[{"taxonomy":"category","embeddable":true,"href":"https:\/\/linitiative.ca\/International\/wp-json\/wp\/v2\/categories?post=68355"},{"taxonomy":"post_tag","embeddable":true,"href":"https:\/\/linitiative.ca\/International\/wp-json\/wp\/v2\/tags?post=68355"}],"curies":[{"name":"wp","href":"https:\/\/api.w.org\/{rel}","templated":true}]}}