{"id":68362,"date":"2019-11-23T10:49:00","date_gmt":"2019-11-23T15:49:00","guid":{"rendered":"https:\/\/linitiative.ca\/International\/ils-menacent-de-boycotter-les-compositions-les-enseignants-du-primaire-montent-au-creneau\/"},"modified":"2019-11-23T10:49:00","modified_gmt":"2019-11-23T15:49:00","slug":"ils-menacent-de-boycotter-les-compositions-les-enseignants-du-primaire-montent-au-creneau","status":"publish","type":"post","link":"https:\/\/linitiative.ca\/International\/ils-menacent-de-boycotter-les-compositions-les-enseignants-du-primaire-montent-au-creneau\/","title":{"rendered":"ILS MENACENT DE BOYCOTTER LES COMPOSITIONS  : Les enseignants du primaire montent  au cr\u00e9neau"},"content":{"rendered":"<p><br id=\"sep_para_1\" class=\"sep_para access\"\/><\/p>\n<div id=\"para_1\" class=\"para_34161172 resize\">\n<div class=\"texte access firstletter\">Un rassemblement de protestation d\u2019envergure nationale se tiendra lundi 25 novembre devant l\u2019annexe du minist\u00e8re de l\u2019Education nationale \u00e0 Ruisseau (Alger) pour renouveler leur demande pour la prise en charge de leurs revendications, a indiqu\u00e9 la Coordination nationale des enseignants du cycle primaire dans un communiqu\u00e9. Cette d\u00e9cision a \u00e9t\u00e9 prise suite \u00e0 la r\u00e9union du jeudi dernier qui n\u2019a abouti finalement \u00e0 aucun r\u00e9sultat, pr\u00e9cise un communiqu\u00e9. Les repr\u00e9sentants de la Coordination nationale des enseignants du primaire et ceux du Minist\u00e8re de l\u2019\u00e9ducation se sont r\u00e9unis\u00a0 \u00e0 l\u2019annexe de minist\u00e8re de l\u2019\u00c9ducation \u00e0 Ruisseau-Alger. Apr\u00e8s\u00a0 13 heures de concertation, les deux parties ne se sont pas entendues sur les principales revendications soulev\u00e9es par les enseignants gr\u00e9vistes. Ainsi, ces derniers ne comptent\u00a0 pas faire marche arri\u00e8re. Ils ont l\u2019intention d\u2019adresser une lettre au Premier ministre s\u2019il n\u2019y aura aucune r\u00e9ponse favorable de la part du Minist\u00e8re de l\u2019Education. Rappelons que la\u00a0 plateforme de revendications, concerne\u00a0 notamment la cons\u00e9cration de l\u2019\u00e9quit\u00e9 entre les enseignants des trois paliers de l\u2019\u00e9ducation en termes de classification et de volume horaire et de la r\u00e9vision des m\u00e9thodologies d\u2019enseignement soit par l\u2019introduction de la sp\u00e9cialisation dans le cycle primaire pour un enseignement qualitatif aux normes internationales ou bien par la refonte du programme scolaire. Pour rappel, la Coordination nationale des enseignants du primaire, qui, jusque-l\u00e0, a appel\u00e9 \u00e0 une journ\u00e9e de gr\u00e8ve par semaine, a d\u00e9cid\u00e9 la semaine pass\u00e9e\u00a0 de durcir le mouvement et exige de se r\u00e9unir avec le ministre de l\u2019Education nationale. Pourtant, le d\u00e9partement de Belabed a demand\u00e9, le lundi pass\u00e9, aux enseignants gr\u00e9vistes de d\u00e9signer des repr\u00e9sentants pour discuter avec la tutelle. Or, les repr\u00e9sentants ayant \u00e9t\u00e9 re\u00e7us par le secr\u00e9taire g\u00e9n\u00e9ral ont quitt\u00e9 la table des discussions d\u00e9\u00e7us. Ils ont d\u00e9nonc\u00e9 le manque d\u2019engagement de la tutelle \u00e0 prendre en charge leurs revendications.\u00a0 Ils ont lanc\u00e9 alors un ultimatum \u00e0 la tutelle. Les enseignants, qui ont d\u00e9pos\u00e9 un seuil de revendications \u00e0 satisfaire dans l\u2019imm\u00e9diat, ont exig\u00e9 une rencontre avec le ministre de l\u2019Education en personne ou durcir leur mouvement.<\/div>\n<\/div>\n<p>Auteur: Ismain<br \/>\n<a href=\"https:\/\/www.reflexiondz.net\/ILS-MENACENT-DE-BOYCOTTER-LES-COMPOSITIONS-Les-enseignants-du-primaire-montent-au-creneau_a58976.html\">Cliquez ici pour lire l&rsquo;article depuis sa source.<\/a><\/p>\n","protected":false},"excerpt":{"rendered":"<p>Un rassemblement de protestation d\u2019envergure nationale se tiendra lundi 25 novembre devant l\u2019annexe du minist\u00e8re de l\u2019Education nationale \u00e0 Ruisseau (Alger) pour renouveler leur demande pour la prise en charge de leurs revendications, a indiqu\u00e9 la Coordination nationale des enseignants du cycle primaire dans un communiqu\u00e9. Cette d\u00e9cision a \u00e9t\u00e9 prise suite \u00e0 la r\u00e9union [&hellip;]<\/p>\n","protected":false},"author":1740,"featured_media":0,"comment_status":"closed","ping_status":"closed","sticky":false,"template":"","format":"standard","meta":{"fifu_image_url":"","fifu_image_alt":"","footnotes":""},"categories":[53,76],"tags":[],"class_list":["post-68362","post","type-post","status-publish","format-standard","hentry","category-algerie","category-regions"],"_links":{"self":[{"href":"https:\/\/linitiative.ca\/International\/wp-json\/wp\/v2\/posts\/68362","targetHints":{"allow":["GET"]}}],"collection":[{"href":"https:\/\/linitiative.ca\/International\/wp-json\/wp\/v2\/posts"}],"about":[{"href":"https:\/\/linitiative.ca\/International\/wp-json\/wp\/v2\/types\/post"}],"author":[{"embeddable":true,"href":"https:\/\/linitiative.ca\/International\/wp-json\/wp\/v2\/users\/1740"}],"replies":[{"embeddable":true,"href":"https:\/\/linitiative.ca\/International\/wp-json\/wp\/v2\/comments?post=68362"}],"version-history":[{"count":0,"href":"https:\/\/linitiative.ca\/International\/wp-json\/wp\/v2\/posts\/68362\/revisions"}],"wp:attachment":[{"href":"https:\/\/linitiative.ca\/International\/wp-json\/wp\/v2\/media?parent=68362"}],"wp:term":[{"taxonomy":"category","embeddable":true,"href":"https:\/\/linitiative.ca\/International\/wp-json\/wp\/v2\/categories?post=68362"},{"taxonomy":"post_tag","embeddable":true,"href":"https:\/\/linitiative.ca\/International\/wp-json\/wp\/v2\/tags?post=68362"}],"curies":[{"name":"wp","href":"https:\/\/api.w.org\/{rel}","templated":true}]}}