{"id":68363,"date":"2019-11-23T10:50:00","date_gmt":"2019-11-23T15:50:00","guid":{"rendered":"https:\/\/linitiative.ca\/International\/lex-ministre-de-la-culture-merdaci-gravement-accusee\/"},"modified":"2019-11-23T10:50:00","modified_gmt":"2019-11-23T15:50:00","slug":"lex-ministre-de-la-culture-merdaci-gravement-accusee","status":"publish","type":"post","link":"https:\/\/linitiative.ca\/International\/lex-ministre-de-la-culture-merdaci-gravement-accusee\/","title":{"rendered":"L&rsquo;ex-ministre de la Culture Merdaci gravement accus\u00e9e !"},"content":{"rendered":"<p><br id=\"sep_para_1\" class=\"sep_para access\"\/><\/p>\n<div id=\"para_1\" class=\"para_34161185 resize\">\n<div class=\"texte access firstletter\">Le principal accus\u00e9 dans le drame de la bousculade meurtri\u00e8re lors du concert de Soolking \u00e0 Alger, l&rsquo;ex-directeur de l&rsquo;ONDA, Samy Benchikh s&rsquo;en est virulemment pris devant la justice \u00e0 l&rsquo;ex-ministre de la Culture, Meriem Merdaci. Selon le m\u00e9dia arabophone Echorouk, l\u2019ex-directeur g\u00e9n\u00e9ral de l\u2019Office national des droits d\u2019auteur et des droits voisins (ONDA) aurait d\u00e9clar\u00e9 au juge d\u2019instruction pr\u00e8s le tribunal de Sidi M\u2019hammed que l\u2019ancienne ministre de la Culture, Meriem Merdaci serait enti\u00e8rement responsable de drame qui a caus\u00e9 la mort de 5 personnes, le 22 ao\u00fbt dernier. Samy Benchikh aurait assur\u00e9 que c&rsquo;est la ministre de la Culture qui avait d\u00e9cid\u00e9 d&rsquo;organiser le concert du chanteur alg\u00e9rien au stade de 20 ao\u00fbt, malgr\u00e9 les r\u00e9serves \u00e9mises par le wali d\u00e9l\u00e9gu\u00e9 de Hussein Dey sur la s\u00e9curit\u00e9 du stade.<\/div>\n<\/div>\n<p>Auteur: R\u00e9flexion<br \/>\n<a href=\"https:\/\/www.reflexiondz.net\/L-ex-ministre-de-la-Culture-Merdaci-gravement-accusee-_a58982.html\">Cliquez ici pour lire l&rsquo;article depuis sa source.<\/a><\/p>\n","protected":false},"excerpt":{"rendered":"<p>Le principal accus\u00e9 dans le drame de la bousculade meurtri\u00e8re lors du concert de Soolking \u00e0 Alger, l&rsquo;ex-directeur de l&rsquo;ONDA, Samy Benchikh s&rsquo;en est virulemment pris devant la justice \u00e0 l&rsquo;ex-ministre de la Culture, Meriem Merdaci. Selon le m\u00e9dia arabophone Echorouk, l\u2019ex-directeur g\u00e9n\u00e9ral de l\u2019Office national des droits d\u2019auteur et des droits voisins (ONDA) aurait [&hellip;]<\/p>\n","protected":false},"author":1740,"featured_media":0,"comment_status":"closed","ping_status":"closed","sticky":false,"template":"","format":"standard","meta":{"fifu_image_url":"","fifu_image_alt":"","footnotes":""},"categories":[53,76],"tags":[],"class_list":["post-68363","post","type-post","status-publish","format-standard","hentry","category-algerie","category-regions"],"_links":{"self":[{"href":"https:\/\/linitiative.ca\/International\/wp-json\/wp\/v2\/posts\/68363","targetHints":{"allow":["GET"]}}],"collection":[{"href":"https:\/\/linitiative.ca\/International\/wp-json\/wp\/v2\/posts"}],"about":[{"href":"https:\/\/linitiative.ca\/International\/wp-json\/wp\/v2\/types\/post"}],"author":[{"embeddable":true,"href":"https:\/\/linitiative.ca\/International\/wp-json\/wp\/v2\/users\/1740"}],"replies":[{"embeddable":true,"href":"https:\/\/linitiative.ca\/International\/wp-json\/wp\/v2\/comments?post=68363"}],"version-history":[{"count":0,"href":"https:\/\/linitiative.ca\/International\/wp-json\/wp\/v2\/posts\/68363\/revisions"}],"wp:attachment":[{"href":"https:\/\/linitiative.ca\/International\/wp-json\/wp\/v2\/media?parent=68363"}],"wp:term":[{"taxonomy":"category","embeddable":true,"href":"https:\/\/linitiative.ca\/International\/wp-json\/wp\/v2\/categories?post=68363"},{"taxonomy":"post_tag","embeddable":true,"href":"https:\/\/linitiative.ca\/International\/wp-json\/wp\/v2\/tags?post=68363"}],"curies":[{"name":"wp","href":"https:\/\/api.w.org\/{rel}","templated":true}]}}