{"id":68374,"date":"2019-11-23T05:00:00","date_gmt":"2019-11-23T10:00:00","guid":{"rendered":"https:\/\/linitiative.ca\/International\/promouvoir-lentrepreneuriat-feminin-en-algerie\/"},"modified":"2019-11-23T05:00:00","modified_gmt":"2019-11-23T10:00:00","slug":"promouvoir-lentrepreneuriat-feminin-en-algerie","status":"publish","type":"post","link":"https:\/\/linitiative.ca\/International\/promouvoir-lentrepreneuriat-feminin-en-algerie\/","title":{"rendered":"Promouvoir l\u2019entrepreneuriat f\u00e9minin en Alg\u00e9rie"},"content":{"rendered":"<p>L\u2019entrepreneuriat f\u00e9minin en Alg\u00e9rie fait l\u2019objet de recherches scientifiques, en raison des entraves que rencontrent les femmes entrepreneures dans leur quotidien, les multiples st\u00e9r\u00e9otypes et id\u00e9es re\u00e7ues qui r\u00e9gissent leur univers. Ces contraintes socioculturelles, port\u00e9es par l\u2019environnement social, constituent les principaux handicaps qui accompagnent les femmes entrepreneures tout au long de leur vie professionnelle et pourtant, au regard de leur niveau de formation et de leurs comp\u00e9tences, ces contraintes devraient se dissiper.<br \/>A cet effet, le Centre de recherche en \u00e9conomie appliqu\u00e9e pour le d\u00e9veloppement (Cread), en partenariat avec la Fondation Konrad-Adenauer Alg\u00e9rie, a organis\u00e9 le jeudi 21 novembre \u00e0 l\u2019h\u00f4tel les Capucines, \u00e0 Alger, une journ\u00e9e d\u2019\u00e9tude sur l\u2019entrepreneuriat f\u00e9minin en Alg\u00e9rie en se basant sur leur ouvrage consacr\u00e9 \u00e0 la th\u00e9matique, et o\u00f9 toutes les questions contradictoires ont \u00e9t\u00e9 soulev\u00e9es.\u00a0<br \/>Une journ\u00e9e pr\u00e9sid\u00e9e conjointement par M. Benguerna Mohamed, pr\u00e9sident du conseil scientifique du Cread, et M. Holger Dix, repr\u00e9sentant r\u00e9gional de la Fondation Konrad-Adenauer, qui a saisi l\u2019occasion pour pr\u00e9senter les valeurs de sa fondation et de ses activit\u00e9s en Alg\u00e9rie sans omettre de pr\u00e9ciser\u00a0 l&rsquo;ambition et la d\u00e9termination des femmes entrepreneures qu\u2019il a pu constater \u00e0 travers ce partenariat.\u00a0<br \/>Selon M. Holger Dix, \u00abla Fondation Konrad-Adenauer active depuis 2000 en Alg\u00e9rie avec diff\u00e9rents partenaires, pour la promotion de la soci\u00e9t\u00e9 civile, des collectivit\u00e9s locales, de l&rsquo;\u00e9conomie sociale de march\u00e9, du dialogue inter-religieux et de la d\u00e9mocratie et ce, \u00e0 travers l\u2019organisation de s\u00e9minaires, conf\u00e9rences, colloques, formations, journ\u00e9e d\u2019\u00e9tudes et voyages d\u2019\u00e9tudes\u00bb. Et de poursuivre : \u00abAu niveau national et international, la Fondation promeut la paix, la libert\u00e9 et la justice, la consolidation de la d\u00e9mocratie, la promotion de l&rsquo;int\u00e9gration europ\u00e9enne, l&rsquo;intensification des relations transatlantiques et la coop\u00e9ration au d\u00e9veloppement.\u00bb<br \/>Abordant la th\u00e9matique choisie pour cette journ\u00e9e d\u2019\u00e9tude,\u00a0 l\u2019entrepreneuriat f\u00e9minin constitue une priorit\u00e9 absolue dans le d\u00e9veloppement de la soci\u00e9t\u00e9 tant \u00e9conomique que social. Les diff\u00e9rentes interventions ayant trait notamment aux raisons de la croissance et d\u00e9croissance de l\u2019entrepreneuriat, les freins et obstacles rencontr\u00e9s par les femmes, ainsi que les diff\u00e9rentes m\u00e9thodes d\u2019accompagnement ont pass\u00e9 au crible diff\u00e9rentes facettes de la probl\u00e9matique \u00e0 travers un d\u00e9bat ouvert \u00e0 plusieurs experts du Centre de recherche notamment.\u00a0<br \/>La journ\u00e9e a constitu\u00e9 une occasion pour pr\u00e9senter le dernier ouvrage L\u2019entrepreneuriat f\u00e9minin en Alg\u00e9rie : une r\u00e9alit\u00e9 en construction \u00e9labor\u00e9 par le Cread en partenariat avec la Fondation allemande, et qui traite de la r\u00e9alit\u00e9 et des principales caract\u00e9ristiques de l\u2019entrepreneuriat f\u00e9minin, \u00e0 travers des enqu\u00eates men\u00e9es par le centre ainsi que des donn\u00e9es de l\u2019Office national des statistiques (ONS) et de celles du Global Entrepreneur Monitor (GEM).\u00a0<br \/>Ilhem Tir\u00a0<\/p>\n<p>Auteur:<br \/>\n<a href=\"https:\/\/www.lesoirdalgerie.com\/actualites\/promouvoir-lentrepreneuriat-feminin-en-algerie-34052\">Cliquez ici pour lire l&rsquo;article depuis sa source.<\/a><\/p>\n","protected":false},"excerpt":{"rendered":"<p>L\u2019entrepreneuriat f\u00e9minin en Alg\u00e9rie fait l\u2019objet de recherches scientifiques, en raison des entraves que rencontrent les femmes entrepreneures dans leur quotidien, les multiples st\u00e9r\u00e9otypes et id\u00e9es re\u00e7ues qui r\u00e9gissent leur univers. Ces contraintes socioculturelles, port\u00e9es par l\u2019environnement social, constituent les principaux handicaps qui accompagnent les femmes entrepreneures tout au long de leur vie professionnelle et [&hellip;]<\/p>\n","protected":false},"author":1741,"featured_media":0,"comment_status":"closed","ping_status":"closed","sticky":false,"template":"","format":"standard","meta":{"fifu_image_url":"","fifu_image_alt":"","footnotes":""},"categories":[73,53],"tags":[],"class_list":["post-68374","post","type-post","status-publish","format-standard","hentry","category-actualite","category-algerie"],"_links":{"self":[{"href":"https:\/\/linitiative.ca\/International\/wp-json\/wp\/v2\/posts\/68374","targetHints":{"allow":["GET"]}}],"collection":[{"href":"https:\/\/linitiative.ca\/International\/wp-json\/wp\/v2\/posts"}],"about":[{"href":"https:\/\/linitiative.ca\/International\/wp-json\/wp\/v2\/types\/post"}],"author":[{"embeddable":true,"href":"https:\/\/linitiative.ca\/International\/wp-json\/wp\/v2\/users\/1741"}],"replies":[{"embeddable":true,"href":"https:\/\/linitiative.ca\/International\/wp-json\/wp\/v2\/comments?post=68374"}],"version-history":[{"count":0,"href":"https:\/\/linitiative.ca\/International\/wp-json\/wp\/v2\/posts\/68374\/revisions"}],"wp:attachment":[{"href":"https:\/\/linitiative.ca\/International\/wp-json\/wp\/v2\/media?parent=68374"}],"wp:term":[{"taxonomy":"category","embeddable":true,"href":"https:\/\/linitiative.ca\/International\/wp-json\/wp\/v2\/categories?post=68374"},{"taxonomy":"post_tag","embeddable":true,"href":"https:\/\/linitiative.ca\/International\/wp-json\/wp\/v2\/tags?post=68374"}],"curies":[{"name":"wp","href":"https:\/\/api.w.org\/{rel}","templated":true}]}}