{"id":68375,"date":"2019-11-23T05:00:00","date_gmt":"2019-11-23T10:00:00","guid":{"rendered":"https:\/\/linitiative.ca\/International\/le-ministere-de-la-sante-et-la-cnas-accordent-leurs-efforts\/"},"modified":"2019-11-23T05:00:00","modified_gmt":"2019-11-23T10:00:00","slug":"le-ministere-de-la-sante-et-la-cnas-accordent-leurs-efforts","status":"publish","type":"post","link":"https:\/\/linitiative.ca\/International\/le-ministere-de-la-sante-et-la-cnas-accordent-leurs-efforts\/","title":{"rendered":"Le minist\u00e8re de la Sant\u00e9 et la Cnas accordent leurs efforts"},"content":{"rendered":"<p>La Caisse nationale de s\u00e9curit\u00e9 sociale (Cnas) et le minist\u00e8re de la Sant\u00e9 tentent de mieux organiser et planifier les soins m\u00e9dicaux. Il est question pour les deux partenaires d\u2019assurer un service de sant\u00e9 de qualit\u00e9 et \u00e0 moindre co\u00fbt.<br \/>Pour le ministre du Travail, de l&rsquo;Emploi et de la S\u00e9curit\u00e9 sociale, la commission sectorielle mixte de consultation entre la sant\u00e9 et la S\u00e9curit\u00e9 sociale constitue \u00able meilleur cadre\u00bb pour assurer un suivi efficace des dossiers sectoriels communs. Il cite ainsi les dossiers les plus importants ,notamment l\u2019application de l\u2019approche contractuelle entre les instances de la S\u00e9curit\u00e9 sociale et les \u00e9tablissements hospitaliers du secteur public, la mise en place de r\u00e9f\u00e9rences m\u00e9dicales reconnues pour la prise en charge th\u00e9rapeutique des maladies, la normalisation des mod\u00e8les de prescription des ordonnances m\u00e9dicales, la politique nationale du m\u00e9dicament, la pr\u00e9vention des maladies, ainsi que la prise en charge de la sant\u00e9 dans les r\u00e9gions du Sud et des Hauts-Plateaux du pays.<br \/>Des dossiers qui, selon lui, s\u2019imposent de par leur importance dans l\u2019organisation et la planification du d\u00e9roulement des soins et de la ma\u00eetrise de\u00a0 leurs co\u00fbts.<br \/>Aspirant \u00e0 la promotion et au d\u00e9veloppement des activit\u00e9s des structures de sant\u00e9 de la Caisse nationale de s\u00e9curit\u00e9 sociale (Cnas), Tidjani Hassan Haddam estime que l\u2019am\u00e9lioration de leurs capacit\u00e9s est \u00e9galement de mise, pour \u00abun meilleur rendement de leur personnel technique\u00bb.<br \/>Il souligne, \u00e0 cet effet, le r\u00f4le important que jouent ces structures de sant\u00e9 dans le renforcement des soins dispens\u00e9s dans le secteur public. \u00abLa contribution du secteur de l\u2019enseignement sup\u00e9rieur nous permettra de renforcer nos capacit\u00e9s et ce, en transformant nos structures de sant\u00e9 en \u00e9tablissements hospitaliers pour assurer les soins mais aussi pour dispenser une formation hospitalo-universitaire\u00bb, a-t-il expliqu\u00e9, jeudi dernier, lors d\u2019une rencontre interminist\u00e9rielle sur le projet d&rsquo;am\u00e9lioration du rendement des infrastructures de sant\u00e9 de la Cnas, tenue \u00e0 Alger. Le ministre de la Sant\u00e9, de la Population et de la R\u00e9forme hospitali\u00e8re, Mohamed Miraoui, a, de son c\u00f4t\u00e9, mis en exergue les r\u00e9sultats \u00abpositifs\u00bb et \u00abencourageants\u00bb concr\u00e9tis\u00e9s dans le cadre de la commission sectorielle mixte entre son d\u00e9partement et celui du travail. \u00abNous aspirons \u00e0 r\u00e9aliser tous les objectifs trac\u00e9s surtout qu\u2019aujourd\u2019hui, le d\u00e9fi est de savoir comment assurer un service de sant\u00e9 de qualit\u00e9, s\u00fbr et \u00e0 moindre co\u00fbt\u00bb, dit-il.<br \/>Quant au ministre de l\u2019Enseignement sup\u00e9rieur et de la Recherche scientifique, Tayeb Bouzid, il a insist\u00e9 sur la promotion de certains \u00e9tablissements de la Cnas en cliniques m\u00e9dicales hospitali\u00e8res.\u00a0<br \/>Ry. N.<\/p>\n<p>Auteur:<br \/>\n<a href=\"https:\/\/www.lesoirdalgerie.com\/actualites\/le-ministere-de-la-sante-et-la-cnas-accordent-leurs-efforts-34051\">Cliquez ici pour lire l&rsquo;article depuis sa source.<\/a><\/p>\n","protected":false},"excerpt":{"rendered":"<p>La Caisse nationale de s\u00e9curit\u00e9 sociale (Cnas) et le minist\u00e8re de la Sant\u00e9 tentent de mieux organiser et planifier les soins m\u00e9dicaux. Il est question pour les deux partenaires d\u2019assurer un service de sant\u00e9 de qualit\u00e9 et \u00e0 moindre co\u00fbt.Pour le ministre du Travail, de l&rsquo;Emploi et de la S\u00e9curit\u00e9 sociale, la commission sectorielle mixte [&hellip;]<\/p>\n","protected":false},"author":1741,"featured_media":0,"comment_status":"closed","ping_status":"closed","sticky":false,"template":"","format":"standard","meta":{"fifu_image_url":"","fifu_image_alt":"","footnotes":""},"categories":[73,53],"tags":[],"class_list":["post-68375","post","type-post","status-publish","format-standard","hentry","category-actualite","category-algerie"],"_links":{"self":[{"href":"https:\/\/linitiative.ca\/International\/wp-json\/wp\/v2\/posts\/68375","targetHints":{"allow":["GET"]}}],"collection":[{"href":"https:\/\/linitiative.ca\/International\/wp-json\/wp\/v2\/posts"}],"about":[{"href":"https:\/\/linitiative.ca\/International\/wp-json\/wp\/v2\/types\/post"}],"author":[{"embeddable":true,"href":"https:\/\/linitiative.ca\/International\/wp-json\/wp\/v2\/users\/1741"}],"replies":[{"embeddable":true,"href":"https:\/\/linitiative.ca\/International\/wp-json\/wp\/v2\/comments?post=68375"}],"version-history":[{"count":0,"href":"https:\/\/linitiative.ca\/International\/wp-json\/wp\/v2\/posts\/68375\/revisions"}],"wp:attachment":[{"href":"https:\/\/linitiative.ca\/International\/wp-json\/wp\/v2\/media?parent=68375"}],"wp:term":[{"taxonomy":"category","embeddable":true,"href":"https:\/\/linitiative.ca\/International\/wp-json\/wp\/v2\/categories?post=68375"},{"taxonomy":"post_tag","embeddable":true,"href":"https:\/\/linitiative.ca\/International\/wp-json\/wp\/v2\/tags?post=68375"}],"curies":[{"name":"wp","href":"https:\/\/api.w.org\/{rel}","templated":true}]}}