{"id":68376,"date":"2019-11-23T05:00:00","date_gmt":"2019-11-23T10:00:00","guid":{"rendered":"https:\/\/linitiative.ca\/International\/vers-le-durcissement-du-mouvement-de-greve-dans-le-primaire\/"},"modified":"2019-11-23T05:00:00","modified_gmt":"2019-11-23T10:00:00","slug":"vers-le-durcissement-du-mouvement-de-greve-dans-le-primaire","status":"publish","type":"post","link":"https:\/\/linitiative.ca\/International\/vers-le-durcissement-du-mouvement-de-greve-dans-le-primaire\/","title":{"rendered":"Vers le durcissement du mouvement de gr\u00e8ve dans le primaire"},"content":{"rendered":"<p>Les n\u00e9gociations entam\u00e9es jeudi dernier entre des responsables du minist\u00e8re de l\u2019Education nationale et les enseignants du primaire, qui protestent depuis plus d\u2019un mois, ont abouti \u00e0 un \u00e9chec. La Coordination nationale des enseignants explique que la tutelle n\u2019a pas r\u00e9pondu aux principales revendications pos\u00e9es.\u00a0 D\u00e9\u00e7us par les n\u00e9gociations, les enseignants\u00a0 pr\u00e9voient de nouvelles formes de protestation \u00e0 partir de la semaine prochaine.<br \/>Salima Akkouche &#8211; Alger (Le Soir) &#8211; Les deux parties ayant r\u00e9ussi enfin \u00e0 s\u2019asseoir autour de la table des n\u00e9gociations ne sont pas arriv\u00e9es \u00e0 un consensus. Pourtant, la r\u00e9union du jeudi entre les responsables du minist\u00e8re de l\u2019Education et les repr\u00e9sentants des enseignants a dur\u00e9 quatorze heures !\u00a0<br \/>Ces derniers ont pu exposer, point par point, les dol\u00e9ances soulev\u00e9es dans leur plateforme de revendications. Si la Coordination nationale des enseignants du primaire reconna\u00eet que les cadres du minist\u00e8re de l\u2019Education \u00e9taient \u00e0 l\u2019\u00e9coute, elle souligne, toutefois, qu\u2019au final, aucune r\u00e9ponse n\u2019a \u00e9t\u00e9 donn\u00e9e aux principales revendications pos\u00e9es. Pis, disent les repr\u00e9sentants des enseignants, \u00abil n\u2019y a eu aucune intention de la part de la tutelle \u00e0 satisfaire leurs revendications\u00bb.\u00a0<br \/>Ils estiment que la tutelle a d\u00e9clench\u00e9 cette r\u00e9union dans le seul but de calmer la col\u00e8re des protestataires qui ont hauss\u00e9 le ton.\u00a0<br \/>La Coordination a expliqu\u00e9 que la tutelle n\u2019a pas donn\u00e9 son accord par rapport \u00e0 la demande de la r\u00e9vision du grade des enseignants du primaire, sous pr\u00e9texte que ce point n\u00e9cessite l\u2019ouverture du statut particulier, chose qui ne peut pas se faire actuellement. \u00ab La tutelle continue de jeter la balle dans le camp de la Fonction publique ou du minist\u00e8re des Finances, pour ne pas assumer ses responsabilit\u00e9s \u00bb, d\u00e9noncent-ils.\u00a0<br \/>Pour le d\u00e9cret pr\u00e9sidentiel 266\/14, le minist\u00e8re de l\u2019Education a expliqu\u00e9 aux enseignants qu\u2019il sera appliqu\u00e9 \u00e0 partir de 2020. Mais sans effet r\u00e9troactif \u00e0 compter de 2014, comme cela a \u00e9t\u00e9 revendiqu\u00e9 par les protestataires.\u00a0<br \/>Le d\u00e9partement de Abdelhakim Belabed, soulignent les enseignants, n\u2019a pas non plus r\u00e9pondu aux revendications li\u00e9es \u00e0 la r\u00e9vision du volume horaire et \u00e0 la dispense des enseignants des t\u00e2ches non p\u00e9dagogiques, comme l\u2019encadrement des \u00e9l\u00e8ves dans la cour et les cantines, ni aux revendications li\u00e9es au volet p\u00e9dagogique.<br \/>\u00a0Faisant \u00e9tat de cet \u00e9chec, les enseignants du primaire ont annonc\u00e9 que leur lutte se poursuivra jusqu\u2019\u00e0 l\u2019aboutissement de leurs revendications. Un sondage a \u00e9t\u00e9 lanc\u00e9 hier sur les r\u00e9seaux sociaux demandant aux enseignants de choisir l\u2019action \u00e0 adopter la semaine prochaine.\u00a0<br \/>Les enseignants devront d\u00e9cider entre une gr\u00e8ve illimit\u00e9e, le boycott des examens ou le maintien de la gr\u00e8ve cyclique de trois jours par semaine.<br \/>S. A.<\/p>\n<p>Auteur:<br \/>\n<a href=\"https:\/\/www.lesoirdalgerie.com\/actualites\/vers-le-durcissement-du-mouvement-de-greve-dans-le-primaire-34050\">Cliquez ici pour lire l&rsquo;article depuis sa source.<\/a><\/p>\n","protected":false},"excerpt":{"rendered":"<p>Les n\u00e9gociations entam\u00e9es jeudi dernier entre des responsables du minist\u00e8re de l\u2019Education nationale et les enseignants du primaire, qui protestent depuis plus d\u2019un mois, ont abouti \u00e0 un \u00e9chec. La Coordination nationale des enseignants explique que la tutelle n\u2019a pas r\u00e9pondu aux principales revendications pos\u00e9es.\u00a0 D\u00e9\u00e7us par les n\u00e9gociations, les enseignants\u00a0 pr\u00e9voient de nouvelles formes [&hellip;]<\/p>\n","protected":false},"author":1741,"featured_media":0,"comment_status":"closed","ping_status":"closed","sticky":false,"template":"","format":"standard","meta":{"fifu_image_url":"","fifu_image_alt":"","footnotes":""},"categories":[73,53],"tags":[],"class_list":["post-68376","post","type-post","status-publish","format-standard","hentry","category-actualite","category-algerie"],"_links":{"self":[{"href":"https:\/\/linitiative.ca\/International\/wp-json\/wp\/v2\/posts\/68376","targetHints":{"allow":["GET"]}}],"collection":[{"href":"https:\/\/linitiative.ca\/International\/wp-json\/wp\/v2\/posts"}],"about":[{"href":"https:\/\/linitiative.ca\/International\/wp-json\/wp\/v2\/types\/post"}],"author":[{"embeddable":true,"href":"https:\/\/linitiative.ca\/International\/wp-json\/wp\/v2\/users\/1741"}],"replies":[{"embeddable":true,"href":"https:\/\/linitiative.ca\/International\/wp-json\/wp\/v2\/comments?post=68376"}],"version-history":[{"count":0,"href":"https:\/\/linitiative.ca\/International\/wp-json\/wp\/v2\/posts\/68376\/revisions"}],"wp:attachment":[{"href":"https:\/\/linitiative.ca\/International\/wp-json\/wp\/v2\/media?parent=68376"}],"wp:term":[{"taxonomy":"category","embeddable":true,"href":"https:\/\/linitiative.ca\/International\/wp-json\/wp\/v2\/categories?post=68376"},{"taxonomy":"post_tag","embeddable":true,"href":"https:\/\/linitiative.ca\/International\/wp-json\/wp\/v2\/tags?post=68376"}],"curies":[{"name":"wp","href":"https:\/\/api.w.org\/{rel}","templated":true}]}}