{"id":68381,"date":"2019-11-23T15:42:29","date_gmt":"2019-11-23T20:42:29","guid":{"rendered":"https:\/\/linitiative.ca\/International\/coupe-mohammed-vi-la-remontada-historique-des-verts\/"},"modified":"2019-11-23T15:42:29","modified_gmt":"2019-11-23T20:42:29","slug":"coupe-mohammed-vi-la-remontada-historique-des-verts","status":"publish","type":"post","link":"https:\/\/linitiative.ca\/International\/coupe-mohammed-vi-la-remontada-historique-des-verts\/","title":{"rendered":"Coupe Mohammed VI : la Remontada historique des verts"},"content":{"rendered":"<p><strong>Le match retour des huiti\u00e8mes de finale de la Coupe Mohammed VI\u00a0\u00a0a rendu son verdict. Le Raja de Casablanca casse toutes les barri\u00e8res et valide son billet en s\u2019imposant face au Wydad sur la pelouse du stade Mohammed V.<\/strong><\/p>\n<div class=\"c10\"\/>\n<p>Tout n\u2019a pas \u00e9t\u00e9 parfait. Les grosses occasions manqu\u00e9es ont \u00e9t\u00e9 nombreuses. Et, juste en d\u00e9but du match, l\u2019arbitre siffle un penalty pour les diables rouges \u00e0 la 12\u00e8me minute, transform\u00e9 par Mohammed Nahiri. Mais les Aigles Verts \u00e9galisent \u00e0 la 49\u00e8me minute par le biais d\u2019un penalty sign\u00e9 Mouhcine Moutouali.<\/p>\n<p>Sous l\u2019incroyable pression des deux c\u00f4t\u00e9s, une t\u00eate d\u2019Aymane El Hassouni vient rassurer les supporters des rouges. Le Wydad monte d\u2019un ton, l\u2019attaquant Ayoub El Kaabi\u00a0profite de la d\u00e9concentration des d\u00e9fenseurs rajaouis sur un tir \u00e9cras\u00e9 plac\u00e9 au filet d\u2019Anas Zniti \u00e0 la 58\u00e8me minute.<\/p>\n<p>Badie Aouk\u00a0offre le quatri\u00e8me but au Wydad (4-1, 72e). Juste apr\u00e8s, \u00e0 la 75\u00e8me minute, Hamid Ahdad tacle et marque le deuxi\u00e8me but du Raja. Et ce n\u2019est pas fini, la Remondata arrive! L\u2019arbitre siffle le deuxi\u00e8me penalty pour le Raja, marqu\u00e9 par Mouhcine Moutouali \u00e0 la 89\u00e8me minute. Quatre minutes apr\u00e8s, l\u2019attaquant Ben Malongo valide la qualification des verts par une frappe de t\u00eate \u00e0 la 93\u00e8me minute, dans les arr\u00eats de jeu offrant ainsi une belle qualification au Raja.<\/p>\n<p>L\u2019autre club marocain en lice dans cette comp\u00e9tition, l\u2019Olympique de Safi est all\u00e9 chercher la qualification au coeur du stade de Rad\u00e8s pour les quarts de finale en battant l\u2019Esp\u00e9rance sportive de Tunis lors du match disput\u00e9 samedi comptant pour les huiti\u00e8mes de final retour. L\u2019OCS s\u2019est impos\u00e9 par 4 buts \u00e0 2. Un exploit historique pour la formation safiote.<\/p>\n<div class=\"c17\">\n<fieldset class=\"c16\">\n<legend><strong><span class=\"c11\">Challenge<\/span><span class=\"c12\">news<\/span><\/strong><\/legend>\n<div class=\"c15\">Le meilleur de Challenge s\u00e9lectionn\u00e9 par la r\u00e9daction :<\/p>\n<\/div>\n<\/fieldset>\n<\/div>\n<p>Auteur: Hajar DARI<br \/>\n<a href=\"https:\/\/www.challenge.ma\/coupe-mohammed-vi-la-remontada-historique-des-verts-123956\/\">Cliquez ici pour lire l&rsquo;article depuis sa source.<\/a><\/p>\n","protected":false},"excerpt":{"rendered":"<p>Le match retour des huiti\u00e8mes de finale de la Coupe Mohammed VI\u00a0\u00a0a rendu son verdict. Le Raja de Casablanca casse toutes les barri\u00e8res et valide son billet en s\u2019imposant face au Wydad sur la pelouse du stade Mohammed V. Tout n\u2019a pas \u00e9t\u00e9 parfait. Les grosses occasions manqu\u00e9es ont \u00e9t\u00e9 nombreuses. Et, juste en d\u00e9but [&hellip;]<\/p>\n","protected":false},"author":1787,"featured_media":0,"comment_status":"closed","ping_status":"closed","sticky":false,"template":"","format":"standard","meta":{"fifu_image_url":"","fifu_image_alt":"","footnotes":""},"categories":[78,54],"tags":[],"class_list":["post-68381","post","type-post","status-publish","format-standard","hentry","category-economie","category-maroc"],"_links":{"self":[{"href":"https:\/\/linitiative.ca\/International\/wp-json\/wp\/v2\/posts\/68381","targetHints":{"allow":["GET"]}}],"collection":[{"href":"https:\/\/linitiative.ca\/International\/wp-json\/wp\/v2\/posts"}],"about":[{"href":"https:\/\/linitiative.ca\/International\/wp-json\/wp\/v2\/types\/post"}],"author":[{"embeddable":true,"href":"https:\/\/linitiative.ca\/International\/wp-json\/wp\/v2\/users\/1787"}],"replies":[{"embeddable":true,"href":"https:\/\/linitiative.ca\/International\/wp-json\/wp\/v2\/comments?post=68381"}],"version-history":[{"count":0,"href":"https:\/\/linitiative.ca\/International\/wp-json\/wp\/v2\/posts\/68381\/revisions"}],"wp:attachment":[{"href":"https:\/\/linitiative.ca\/International\/wp-json\/wp\/v2\/media?parent=68381"}],"wp:term":[{"taxonomy":"category","embeddable":true,"href":"https:\/\/linitiative.ca\/International\/wp-json\/wp\/v2\/categories?post=68381"},{"taxonomy":"post_tag","embeddable":true,"href":"https:\/\/linitiative.ca\/International\/wp-json\/wp\/v2\/tags?post=68381"}],"curies":[{"name":"wp","href":"https:\/\/api.w.org\/{rel}","templated":true}]}}