{"id":68382,"date":"2019-11-23T16:02:56","date_gmt":"2019-11-23T21:02:56","guid":{"rendered":"https:\/\/linitiative.ca\/International\/la-fin-du-dogme-neo-liberal\/"},"modified":"2019-11-23T16:02:56","modified_gmt":"2019-11-23T21:02:56","slug":"la-fin-du-dogme-neo-liberal","status":"publish","type":"post","link":"https:\/\/linitiative.ca\/International\/la-fin-du-dogme-neo-liberal\/","title":{"rendered":"La fin du dogme n\u00e9o-lib\u00e9ral"},"content":{"rendered":"<p><strong>Les crises sociales qui ont \u00e9clat\u00e9 dans plusieurs pays, ont une cause commune : la faillite du mod\u00e8le n\u00e9o-lib\u00e9ral. Keynes est remis au go\u00fbt du jour.\u00a0<\/strong><\/p>\n<div class=\"c10\"\/>\n<p>Les <strong>gilets<\/strong> <strong>jaunes<\/strong> ont bien chang\u00e9 Macron. Le pr\u00e9sident fran\u00e7ais s\u2019est fait \u00e9lire sur un programme ultra-lib\u00e9ral promettant de favoriser une \u00e9conomie de l\u2019offre et laissant la fameuse th\u00e9orie du ruissellement op\u00e9rer. Face \u00e0 la contestation sociale, il renie ce discours. Dans une interview \u00e0 un hebdomadaire am\u00e9ricain, il d\u00e9clare <em>\u00ab la r\u00e8gle des 3% de d\u00e9ficit est une r\u00e8gle du si\u00e8cle dernier\u00bb<\/em>. Il s\u2019affranchit de cette r\u00e8gle pour pouvoir investir dans les h\u00f4pitaux et les infrastructures.<\/p>\n<p>Seulement, il est en train de disloquer encore plus l\u2019Union europ\u00e9enne. Par le pass\u00e9, l\u2019Espagne et la Gr\u00e8ce ont \u00e9t\u00e9 oblig\u00e9s d\u2019adopter une politique d\u2019aust\u00e9rit\u00e9 pour respecter cette r\u00e8gle. L\u2019Allemagne n\u2019accepte pas ce renoncement affich\u00e9. Berlin d\u00e9gage des exc\u00e9dents, refuse de les r\u00e9investir. C\u2019est le dernier bastion des dogmes lib\u00e9raux.<\/p>\n<p><strong>Keynes \u00e0 la rescousse<\/strong><\/p>\n<p>Que les crises sociales d\u2019ampleur se transforment en crises politiques, c\u2019est dans l\u2019ordre des choses. Mais \u00e0 la base, ce sont des populations rel\u00e9gu\u00e9es par les effets des politiques publiques pr\u00f4n\u00e9es par un capitalisme d\u00e9brid\u00e9 et affaiblissant les services publics.<\/p>\n<p>Si Macron recule, c\u2019est parce que des millions de fran\u00e7ais ne s\u2019en sortent plus, m\u00eame quand ils ont un travail. Et ce, alors que la France a un taux de croissance sup\u00e9rieur \u00e0 ses voisins.<\/p>\n<p>Macron n\u2019est pas le seul dirigeant \u00e0 pr\u00f4ner une <strong>politique Keynesienne<\/strong>. Les verts, \u00e0 juste raison, la r\u00e9clament pour financer la transition \u00e9nerg\u00e9tique. Celle-ci au-del\u00e0 de l\u2019environnement, cr\u00e9era des emplois sur l\u2019ensemble du territoire et donc r\u00e9duira le ch\u00f4mage de mani\u00e8re p\u00e9renne. En Allemagne, des voix s\u2019\u00e9l\u00e8vent pour r\u00e9clamer le renouvellement des infrastructures fort vieillissantes. Toutes les digues sont fissur\u00e9es parce que la financiarisation \u00e0 l\u2019extr\u00eame de l\u2019\u00e9conomie n\u2019aboutit qu\u2019\u00e0 la pr\u00e9carit\u00e9, m\u00eame dans les pays riches.<\/p>\n<blockquote class=\"wp-block-quote\">\n<p>Si Macron recule, c\u2019est parce que des millions de fran\u00e7ais ne s\u2019en sortent plus, m\u00eame quand ils ont un travail<\/p>\n<\/blockquote>\n<p>Alain Minc propose que l\u2019Etat investisse dans l\u2019intelligence artificielle et l\u2019\u00e9conomie verte. C\u2019\u00e9tait pourtant le th\u00e9oricien de la mondialisation heureuse. Il propose m\u00eame que les patrons partagent les b\u00e9n\u00e9fices avec les salari\u00e9s.<\/p>\n<p>L\u2019intervention de l\u2019Etat ne pourra pas se faire \u00e0 l\u2019ancienne ; elle devra innover, mais l\u2019Etat strat\u00e8ge est devenu une n\u00e9cessit\u00e9 pour les \u00e9conomistes de tous bords.<\/p>\n<p>Cet \u00e9tat-strat\u00e8ge devra r\u00e9pondre aux attentes populaires en renfor\u00e7ant la protection sociale et en am\u00e9liorant les services publics. R\u00e9duire les <strong>in\u00e9galit\u00e9s<\/strong> passe par cette inflexion des politiques \u00e9conomiques. Keynes a sauv\u00e9 le capitalisme apr\u00e8s la crise de 1929. Est-il le recours face \u00e0 la crise actuelle ?<\/p>\n<div class=\"c17\">\n<fieldset class=\"c16\">\n<legend><strong><span class=\"c11\">Challenge<\/span><span class=\"c12\">news<\/span><\/strong><\/legend>\n<div class=\"c15\">Le meilleur de Challenge s\u00e9lectionn\u00e9 par la r\u00e9daction :<\/p>\n<\/div>\n<\/fieldset>\n<\/div>\n<p>Auteur: Jamal Berraoui<br \/>\n<a href=\"https:\/\/www.challenge.ma\/la-fin-du-dogme-neo-liberal-123928\/\">Cliquez ici pour lire l&rsquo;article depuis sa source.<\/a><\/p>\n","protected":false},"excerpt":{"rendered":"<p>Les crises sociales qui ont \u00e9clat\u00e9 dans plusieurs pays, ont une cause commune : la faillite du mod\u00e8le n\u00e9o-lib\u00e9ral. Keynes est remis au go\u00fbt du jour.\u00a0 Les gilets jaunes ont bien chang\u00e9 Macron. Le pr\u00e9sident fran\u00e7ais s\u2019est fait \u00e9lire sur un programme ultra-lib\u00e9ral promettant de favoriser une \u00e9conomie de l\u2019offre et laissant la fameuse th\u00e9orie [&hellip;]<\/p>\n","protected":false},"author":1787,"featured_media":0,"comment_status":"closed","ping_status":"closed","sticky":false,"template":"","format":"standard","meta":{"fifu_image_url":"","fifu_image_alt":"","footnotes":""},"categories":[78,54],"tags":[],"class_list":["post-68382","post","type-post","status-publish","format-standard","hentry","category-economie","category-maroc"],"_links":{"self":[{"href":"https:\/\/linitiative.ca\/International\/wp-json\/wp\/v2\/posts\/68382","targetHints":{"allow":["GET"]}}],"collection":[{"href":"https:\/\/linitiative.ca\/International\/wp-json\/wp\/v2\/posts"}],"about":[{"href":"https:\/\/linitiative.ca\/International\/wp-json\/wp\/v2\/types\/post"}],"author":[{"embeddable":true,"href":"https:\/\/linitiative.ca\/International\/wp-json\/wp\/v2\/users\/1787"}],"replies":[{"embeddable":true,"href":"https:\/\/linitiative.ca\/International\/wp-json\/wp\/v2\/comments?post=68382"}],"version-history":[{"count":0,"href":"https:\/\/linitiative.ca\/International\/wp-json\/wp\/v2\/posts\/68382\/revisions"}],"wp:attachment":[{"href":"https:\/\/linitiative.ca\/International\/wp-json\/wp\/v2\/media?parent=68382"}],"wp:term":[{"taxonomy":"category","embeddable":true,"href":"https:\/\/linitiative.ca\/International\/wp-json\/wp\/v2\/categories?post=68382"},{"taxonomy":"post_tag","embeddable":true,"href":"https:\/\/linitiative.ca\/International\/wp-json\/wp\/v2\/tags?post=68382"}],"curies":[{"name":"wp","href":"https:\/\/api.w.org\/{rel}","templated":true}]}}