{"id":68387,"date":"2019-11-23T15:04:14","date_gmt":"2019-11-23T20:04:14","guid":{"rendered":"https:\/\/linitiative.ca\/International\/tunisie-video-chahed-a-medjez-el-bab-le-gouvernement-decide-des-mesures-exceptionnelles-pour-promouvoir-la-filiere-oleicole\/"},"modified":"2019-11-23T15:04:14","modified_gmt":"2019-11-23T20:04:14","slug":"tunisie-video-chahed-a-medjez-el-bab-le-gouvernement-decide-des-mesures-exceptionnelles-pour-promouvoir-la-filiere-oleicole","status":"publish","type":"post","link":"https:\/\/linitiative.ca\/International\/tunisie-video-chahed-a-medjez-el-bab-le-gouvernement-decide-des-mesures-exceptionnelles-pour-promouvoir-la-filiere-oleicole\/","title":{"rendered":"Tunisie \u2013 VIDEO\u00a0: Chahed \u00e0 Medjez El Bab\u00a0: Le gouvernement d\u00e9cide des mesures exceptionnelles pour promouvoir la fili\u00e8re ol\u00e9icole"},"content":{"rendered":"<div class=\"post-cont-in left relative\">\n<div class=\"swp_social_panel swp_horizontal_panel swp_flat_fresh swp_default_full_color swp_individual_full_color swp_other_full_color scale-100 scale-\" data-min-width=\"1100\" data-float-color=\"#ffffff\" data-float=\"none\" data-float-mobile=\"none\" data-transition=\"slide\">\n<div class=\"nc_tweetContainer swp_share_button total_shares total_sharesalt\"><span class=\"swp_count\">8 <span class=\"swp_label\">Partages<\/span><\/span><\/div>\n<\/div>\n<p>Le chef du gouvernement, Youssef Chahed a rendu visite, ce samedi au complexe agricole \u00ab\u00a0Ben Isma\u00efl\u00a0\u00bb, dans la r\u00e9gion de Toukaber pr\u00e8s de Medjez El Bab. Il a pris connaissance de visu de toutes les \u00e9tapes de la production de l\u2019huile d\u2019olive, de la cueillette \u00e0 la mise en bouteille puis la vente.<\/p>\n<div class=\"code-block code-block-1 c4\"><ins class=\"adsbygoogle c3\" data-ad-layout=\"in-article\" data-ad-format=\"fluid\" data-ad-client=\"ca-pub-2102118777505746\" data-ad-slot=\"7301775417\"\/> <\/div>\n<p>Il est \u00e0 noter que Chahed a pr\u00e9sid\u00e9 en d\u00e9but de semaine un conseil des ministres, \u00e0 l\u2019issue duquel plusieurs mesures ont \u00e9t\u00e9 prises, pour promouvoir le secteur, notamment, pour faire r\u00e9ussir la saison actuelle qui s\u2019annonce exceptionnelle.<\/p>\n<div class=\"code-block code-block-2 c4\"><ins class=\"adsbygoogle c3\" data-ad-layout=\"in-article\" data-ad-format=\"fluid\" data-ad-client=\"ca-pub-2102118777505746\" data-ad-slot=\"7301775417\"\/> <\/div>\n<p>A ce titre, il a \u00e9t\u00e9 d\u00e9cid\u00e9:<\/p>\n<p>D\u2019augmenter la subvention de l\u2019Etat pour les frais de transports pour favoriser l\u2019exportation.<\/p>\n<p>De mettre\u00a0en place une subvention pour le suivi des d\u00e9marches de la certification Bio.<\/p>\n<p>D\u2019acc\u00e9l\u00e9rer\u00a0la ratification du d\u00e9cret r\u00e9gissant la caisse de promotion de l\u2019huile d\u2019olive mise en bouteille.<\/p>\n<p>D\u2019\u00e9tudier de la cr\u00e9ation de nouvelles lignes maritimes en direction des nouveaux march\u00e9s prometteurs.<\/p>\n<p>De r\u00e9duire\u00a0les dettes des professionnels en annulant\u00a0les int\u00e9r\u00eats.<\/p>\n<p>D\u2019organiser des campagnes de vente dans un conditionnement de 5 litres, \u00e0 des prix pr\u00e9f\u00e9rentiels au profit des tunisiens.<\/p>\n<p>D\u2019adopter\u00a0le plan d\u2019action national de lutte contre la prolif\u00e9ration de la bact\u00e9rie Xylella fastidiosa.<\/p>\n<p><img loading=\"lazy\" decoding=\"async\" class=\"aligncenter size-full wp-image-476970\" src=\"https:\/\/www.tunisienumerique.com\/wp-content\/uploads\/2019\/11\/chah1-1.jpg\" alt=\"\" width=\"960\" height=\"639\" srcset=\"https:\/\/www.tunisienumerique.com\/wp-content\/uploads\/2019\/11\/chah1-1.jpg 960w, https:\/\/www.tunisienumerique.com\/wp-content\/uploads\/2019\/11\/chah1-1-768x511.jpg 768w, https:\/\/www.tunisienumerique.com\/wp-content\/uploads\/2019\/11\/chah1-1-600x399.jpg 600w\" sizes=\"auto, (max-width: 960px) 100vw, 960px\"\/><\/p>\n<p><img loading=\"lazy\" decoding=\"async\" class=\"aligncenter size-full wp-image-476971\" src=\"https:\/\/www.tunisienumerique.com\/wp-content\/uploads\/2019\/11\/chah2-1.jpg\" alt=\"\" width=\"959\" height=\"640\" srcset=\"https:\/\/www.tunisienumerique.com\/wp-content\/uploads\/2019\/11\/chah2-1.jpg 959w, https:\/\/www.tunisienumerique.com\/wp-content\/uploads\/2019\/11\/chah2-1-768x513.jpg 768w, https:\/\/www.tunisienumerique.com\/wp-content\/uploads\/2019\/11\/chah2-1-600x400.jpg 600w\" sizes=\"auto, (max-width: 959px) 100vw, 959px\"\/><\/p>\n<p><strong>Que se passe-t-il en Tunisie?<\/strong><br \/>Nous expliquons sur notre <a href=\"https:\/\/www.youtube.com\/channel\/UCRzypVq0B_yBad5eGrwBx0Q?sub_confirmation=1\" target=\"_blank\" rel=\"noopener noreferrer\">cha\u00eene YouTube<\/a> . <a href=\"https:\/\/www.youtube.com\/channel\/UCRzypVq0B_yBad5eGrwBx0Q?sub_confirmation=1\" target=\"_blank\" rel=\"noopener noreferrer\">Abonnez-vous!<\/a><\/p>\n<div class=\"mvp-org-wrap mvp-org-logo\" itemprop=\"publisher\" itemscope=\"\" itemtype=\"https:\/\/schema.org\/Organization\"><img decoding=\"async\" src=\"https:\/\/www.tunisienumerique.com\/wp-content\/uploads\/2017\/02\/logo_tunisie_numerique.png\"\/><\/div>\n<div class=\"swp_social_panel swp_horizontal_panel swp_flat_fresh swp_default_full_color swp_individual_full_color swp_other_full_color scale-100 scale-\" data-min-width=\"1100\" data-float-color=\"#ffffff\" data-float=\"none\" data-float-mobile=\"none\" data-transition=\"slide\">\n<div class=\"nc_tweetContainer swp_share_button total_shares total_sharesalt\"><span class=\"swp_count\">8 <span class=\"swp_label\">Partages<\/span><\/span><\/div>\n<\/div>\n<div class=\"mvp-related-posts left relative\">\n<h4 class=\"post-header\"><span class=\"post-header\">Lire aussi<\/span><\/h4>\n<\/div>\n<\/div>\n<p>Auteur: LM<br \/>\n<a href=\"https:\/\/www.tunisienumerique.com\/476967-2\/\">Cliquez ici pour lire l&rsquo;article depuis sa source.<\/a><\/p>\n","protected":false},"excerpt":{"rendered":"<p>8 Partages Le chef du gouvernement, Youssef Chahed a rendu visite, ce samedi au complexe agricole \u00ab\u00a0Ben Isma\u00efl\u00a0\u00bb, dans la r\u00e9gion de Toukaber pr\u00e8s de Medjez El Bab. Il a pris connaissance de visu de toutes les \u00e9tapes de la production de l\u2019huile d\u2019olive, de la cueillette \u00e0 la mise en bouteille puis la vente. [&hellip;]<\/p>\n","protected":false},"author":1789,"featured_media":68388,"comment_status":"closed","ping_status":"closed","sticky":false,"template":"","format":"standard","meta":{"fifu_image_url":"","fifu_image_alt":"","footnotes":""},"categories":[73,55],"tags":[],"class_list":["post-68387","post","type-post","status-publish","format-standard","has-post-thumbnail","hentry","category-actualite","category-tunisie"],"_links":{"self":[{"href":"https:\/\/linitiative.ca\/International\/wp-json\/wp\/v2\/posts\/68387","targetHints":{"allow":["GET"]}}],"collection":[{"href":"https:\/\/linitiative.ca\/International\/wp-json\/wp\/v2\/posts"}],"about":[{"href":"https:\/\/linitiative.ca\/International\/wp-json\/wp\/v2\/types\/post"}],"author":[{"embeddable":true,"href":"https:\/\/linitiative.ca\/International\/wp-json\/wp\/v2\/users\/1789"}],"replies":[{"embeddable":true,"href":"https:\/\/linitiative.ca\/International\/wp-json\/wp\/v2\/comments?post=68387"}],"version-history":[{"count":0,"href":"https:\/\/linitiative.ca\/International\/wp-json\/wp\/v2\/posts\/68387\/revisions"}],"wp:featuredmedia":[{"embeddable":true,"href":"https:\/\/linitiative.ca\/International\/wp-json\/"}],"wp:attachment":[{"href":"https:\/\/linitiative.ca\/International\/wp-json\/wp\/v2\/media?parent=68387"}],"wp:term":[{"taxonomy":"category","embeddable":true,"href":"https:\/\/linitiative.ca\/International\/wp-json\/wp\/v2\/categories?post=68387"},{"taxonomy":"post_tag","embeddable":true,"href":"https:\/\/linitiative.ca\/International\/wp-json\/wp\/v2\/tags?post=68387"}],"curies":[{"name":"wp","href":"https:\/\/api.w.org\/{rel}","templated":true}]}}