{"id":68394,"date":"2019-11-23T15:50:07","date_gmt":"2019-11-23T20:50:07","guid":{"rendered":"https:\/\/linitiative.ca\/International\/a-rome-une-manifestation-pour-non-aux-violences-contre-les-femmes\/"},"modified":"2019-11-23T15:50:07","modified_gmt":"2019-11-23T20:50:07","slug":"a-rome-une-manifestation-pour-non-aux-violences-contre-les-femmes","status":"publish","type":"post","link":"https:\/\/linitiative.ca\/International\/a-rome-une-manifestation-pour-non-aux-violences-contre-les-femmes\/","title":{"rendered":"A Rome, une manifestation pour \u00ab\u00a0non\u00a0\u00bb aux violences contre les femmes"},"content":{"rendered":"<div readability=\"32\">\n<p>Publi\u00e9 le 23.11.2019 \u00e0 21h50 par AFP<\/p>\n<\/div>\n<div readability=\"102\">\n<p>Plusieurs dizaines de milliers de personnes ont d\u00e9fil\u00e9 samedi \u00e0 Rome pour d\u00e9noncer les violences sexistes et sexuelles et dire \u00ab\u00a0stop\u00a0\u00bb aux f\u00e9minicides \u00e0 l\u2019appel de l\u2019association f\u00e9ministe \u00ab\u00a0Non Una Di Meno\u00a0\u00bb (Pas une de moins).<\/p>\n<p>Le cort\u00e8ge, compos\u00e9 majoritairement des femmes, a sillonn\u00e9 pendant l\u2019apr\u00e8s-midi les rues du centre historique de la capitale derri\u00e8re une banderole o\u00f9 \u00e9tait inscrit: \u00ab\u00a0Contre votre violence, nous sommes la r\u00e9volte\u00a0\u00bb.<\/p>\n<p>La manifestation \u00e9tait organis\u00e9e pour la 4e ann\u00e9e cons\u00e9cutive \u00e0 l\u2019occasion de la Journ\u00e9e internationale pour l\u2019\u00e9limination de la violence \u00e0 l\u2019\u00e9gard des femmes qui aura lieu lundi.<\/p>\n<p>\u00ab\u00a0Nous sommes le cri f\u00e9roce et puissant de toutes ces femmes qui n\u2019ont plus de voix\u00a0\u00bb, pouvait-t-on lire sur l\u2019un des \u00e9criteaux brandis par des manifestants.<\/p>\n<p>La couleur rose pr\u00e9dominait au sein du cort\u00e8ge o\u00f9 les drapeaux de partis politiques ou de syndicats \u00e9taient absents, \u00e0 la demande des organisateurs.<\/p>\n<p>Depuis un camion diffusant de la musique ont aussi \u00e9t\u00e9 \u00e9gren\u00e9s les noms des victimes de f\u00e9minicides cette ann\u00e9e en Italie. Selon \u00ab\u00a0Non Una Di Meno\u00a0\u00bb, 94 femmes ont \u00e9t\u00e9 tu\u00e9es depuis janvier (elles avaient \u00e9t\u00e9 142 en 2018).<\/p>\n<p>Au cours des cinq derni\u00e8res ann\u00e9es, 538.000 femmes ont \u00e9t\u00e9 victimes d\u2019abus physiques ou sexuels de la part de leur partenaire, selon l\u2019Institut italien de la statistique.<\/p>\n<p>\u00ab\u00a0Partout dans le monde, les femmes se r\u00e9voltent contre la violence patriarcale, raciste, institutionnelle, environnementale et \u00e9conomique\u00a0\u00bb, d\u00e9plore \u00ab\u00a0Non Una Di Meno\u00a0\u00bb.<\/p>\n<p>Le mouvement rappelle que toutes les 72 heures en Italie, une femme est tu\u00e9e par une personne de sa connaissance, g\u00e9n\u00e9ralement son partenaire, que trois f\u00e9minicides sur quatre ont lieu \u00e0 domicile et que 63% des viols sont commis par un partenaire ou un ancien partenaire.<\/p>\n<p>\u00ab\u00a0La violence n\u2019a ni passeport ni classe sociale, mais a souvent les cl\u00e9s de la maison et se retrouve aussi au sein des tribunaux et des institutions\u00a0\u00bb, assure \u00ab\u00a0Non Una Di Noi\u00a0\u00bb qui milite pour la cr\u00e9ation de centres d\u2019accueil et de lutte \u00ab\u00a0contre les violences f\u00e9ministes et transf\u00e9ministes\u00a0\u00bb.<\/p>\n<p>A 16H30 (15H30 GMT), les manifestants se sont assis sur le sol et sont rest\u00e9s silencieux quelques minutes en m\u00e9moire des femmes qui ne peuvent plus parler parce qu\u2019elles ont succomb\u00e9 sous les coups d\u2019un homme.<\/p>\n<p>Le ministre italien de l\u2019Economie Roberto Gualtieri a annonc\u00e9 samedi qu\u2019un d\u00e9cret minist\u00e9riel d\u00e9bloquant 12 millions d\u2019euros en faveur des orphelins des f\u00e9minicides entrerait en vigueur lundi.<\/p>\n<p>\u00ab\u00a0L\u2019argent ne rend pas le manque d\u2019affection, mais avec 12 millions, nous allons financer des bourses d\u2019\u00e9tudes, des frais m\u00e9dicaux, de formation et d\u2019insertion professionnelle\u00a0\u00bb, a-t-il d\u00e9clar\u00e9 sur Twitter.<\/p>\n<\/div>\n<p>Auteur: AFP<br \/>\n<a href=\"https:\/\/www.journalducameroun.com\/a-rome-une-manifestation-pour-non-aux-violences-contre-les-femmes\/\">Cliquez ici pour lire l&rsquo;article depuis sa source.<\/a><\/p>\n","protected":false},"excerpt":{"rendered":"<p>Publi\u00e9 le 23.11.2019 \u00e0 21h50 par AFP Plusieurs dizaines de milliers de personnes ont d\u00e9fil\u00e9 samedi \u00e0 Rome pour d\u00e9noncer les violences sexistes et sexuelles et dire \u00ab\u00a0stop\u00a0\u00bb aux f\u00e9minicides \u00e0 l\u2019appel de l\u2019association f\u00e9ministe \u00ab\u00a0Non Una Di Meno\u00a0\u00bb (Pas une de moins). Le cort\u00e8ge, compos\u00e9 majoritairement des femmes, a sillonn\u00e9 pendant l\u2019apr\u00e8s-midi les rues [&hellip;]<\/p>\n","protected":false},"author":1965,"featured_media":0,"comment_status":"closed","ping_status":"closed","sticky":false,"template":"","format":"standard","meta":{"fifu_image_url":"","fifu_image_alt":"","footnotes":""},"categories":[73,82],"tags":[],"class_list":["post-68394","post","type-post","status-publish","format-standard","hentry","category-actualite","category-cameroun"],"_links":{"self":[{"href":"https:\/\/linitiative.ca\/International\/wp-json\/wp\/v2\/posts\/68394","targetHints":{"allow":["GET"]}}],"collection":[{"href":"https:\/\/linitiative.ca\/International\/wp-json\/wp\/v2\/posts"}],"about":[{"href":"https:\/\/linitiative.ca\/International\/wp-json\/wp\/v2\/types\/post"}],"author":[{"embeddable":true,"href":"https:\/\/linitiative.ca\/International\/wp-json\/wp\/v2\/users\/1965"}],"replies":[{"embeddable":true,"href":"https:\/\/linitiative.ca\/International\/wp-json\/wp\/v2\/comments?post=68394"}],"version-history":[{"count":0,"href":"https:\/\/linitiative.ca\/International\/wp-json\/wp\/v2\/posts\/68394\/revisions"}],"wp:attachment":[{"href":"https:\/\/linitiative.ca\/International\/wp-json\/wp\/v2\/media?parent=68394"}],"wp:term":[{"taxonomy":"category","embeddable":true,"href":"https:\/\/linitiative.ca\/International\/wp-json\/wp\/v2\/categories?post=68394"},{"taxonomy":"post_tag","embeddable":true,"href":"https:\/\/linitiative.ca\/International\/wp-json\/wp\/v2\/tags?post=68394"}],"curies":[{"name":"wp","href":"https:\/\/api.w.org\/{rel}","templated":true}]}}