{"id":68395,"date":"2019-11-23T15:50:09","date_gmt":"2019-11-23T20:50:09","guid":{"rendered":"https:\/\/linitiative.ca\/International\/fidel-castro-toujours-bien-present-a-cuba-trois-ans-apres-sa-mort\/"},"modified":"2019-11-23T15:50:09","modified_gmt":"2019-11-23T20:50:09","slug":"fidel-castro-toujours-bien-present-a-cuba-trois-ans-apres-sa-mort","status":"publish","type":"post","link":"https:\/\/linitiative.ca\/International\/fidel-castro-toujours-bien-present-a-cuba-trois-ans-apres-sa-mort\/","title":{"rendered":"Fidel Castro toujours bien pr\u00e9sent \u00e0 Cuba, trois ans apr\u00e8s sa mort"},"content":{"rendered":"<div readability=\"32\">\n<p>Publi\u00e9 le 23.11.2019 \u00e0 21h50 par AFP<\/p>\n<\/div>\n<div readability=\"90\">\n<p>Souriant ou combatif, pensif ou observateur, le leader de r\u00e9volution cubaine Fidel Castro reste tr\u00e8s pr\u00e9sent sur l\u2019\u00eele, trois ans apr\u00e8s son d\u00e9c\u00e8s.<\/p>\n<p>Son image orne les murs d\u2019une grande partie du pays, a pu constater un photographe de l\u2019AFP lors d\u2019un voyage \u00e0 travers les routes de Cuba, jusqu\u2019\u00e0 la pointe orientale.<\/p>\n<p>Et c\u2019est le cas non seulement \u00e0 La Havane et \u00e0 Santiago de Cuba, les deux plus grandes villes cubaines, mais aussi dans des petits villages comme San Luis (est) ou Jatibonico (centre), ainsi qu\u2019\u00e0 Guantanamo (est), o\u00f9 se trouve une base navale am\u00e9ricaine contest\u00e9e par le gouvernement cubain.<\/p>\n<p>Au-del\u00e0 de cette pr\u00e9sence sur les murs, Fidel, d\u00e9c\u00e9d\u00e9 le 25 novembre 2016, reste l\u2019homme qui d\u00e9cha\u00eene les passions sur l\u2019\u00eele, consid\u00e9r\u00e9 par certains comme un bienfaiteur et par d\u2019autres comme le coupable des maux du pays.<\/p>\n<p>\u00ab\u00a0Nous sommes la continuit\u00e9\u00a0\u00bb: c\u2019est la devise du pr\u00e9sident Miguel Diaz-Canel, au pouvoir depuis avril 2018, qui n\u2019a de cesse de citer Fidel Castro dans ses discours et ses tweets.<\/p>\n<p>Multipliant les d\u00e9placements pour aller \u00e0 la rencontre des Cubains, le chef d\u2019Etat, d\u00e9sign\u00e9 par les d\u00e9put\u00e9s du Parti communiste, seul autoris\u00e9 sur l\u2019\u00eele, a d\u2019ailleurs repris ainsi le style de Fidel, mais avec une diff\u00e9rence: il veut donner l\u2019image d\u2019une direction plus coll\u00e9giale.<\/p>\n<p>\u00ab\u00a0Sous Fidel, il y avait une grande centralisation: il \u00e9tait pr\u00e9sident, Premier ministre, commandant en chef\u00a0\u00bb, confirme l\u2019analyste politique Carlos Alzugaray. Son fr\u00e8re \u00ab\u00a0Raul a h\u00e9rit\u00e9 de cela mais il a commenc\u00e9 \u00e0 d\u00e9centraliser (le pouvoir), et aujourd\u2019hui il y a un effort pour que le gouvernement fonctionne de mani\u00e8re coll\u00e9giale\u00a0\u00bb.<\/p>\n<p>Le troisi\u00e8me anniversaire du d\u00e9c\u00e8s de Fidel Castro survient \u00e0 un moment de grandes tensions diplomatiques entre l\u2019\u00eele et les Etats-Unis, qui ont renforc\u00e9 leur embargo en vigueur depuis 1962, accusant le gouvernement cubain d\u2019opprimer son peuple et de soutenir militairement le pr\u00e9sident Nicolas Maduro au Venezuela.<\/p>\n<\/div>\n<p>Auteur: AFP<br \/>\n<a href=\"https:\/\/www.journalducameroun.com\/fidel-castro-toujours-bien-present-a-cuba-trois-ans-apres-sa-mort\/\">Cliquez ici pour lire l&rsquo;article depuis sa source.<\/a><\/p>\n","protected":false},"excerpt":{"rendered":"<p>Publi\u00e9 le 23.11.2019 \u00e0 21h50 par AFP Souriant ou combatif, pensif ou observateur, le leader de r\u00e9volution cubaine Fidel Castro reste tr\u00e8s pr\u00e9sent sur l\u2019\u00eele, trois ans apr\u00e8s son d\u00e9c\u00e8s. Son image orne les murs d\u2019une grande partie du pays, a pu constater un photographe de l\u2019AFP lors d\u2019un voyage \u00e0 travers les routes de [&hellip;]<\/p>\n","protected":false},"author":1965,"featured_media":0,"comment_status":"closed","ping_status":"closed","sticky":false,"template":"","format":"standard","meta":{"fifu_image_url":"","fifu_image_alt":"","footnotes":""},"categories":[73,82],"tags":[],"class_list":["post-68395","post","type-post","status-publish","format-standard","hentry","category-actualite","category-cameroun"],"_links":{"self":[{"href":"https:\/\/linitiative.ca\/International\/wp-json\/wp\/v2\/posts\/68395","targetHints":{"allow":["GET"]}}],"collection":[{"href":"https:\/\/linitiative.ca\/International\/wp-json\/wp\/v2\/posts"}],"about":[{"href":"https:\/\/linitiative.ca\/International\/wp-json\/wp\/v2\/types\/post"}],"author":[{"embeddable":true,"href":"https:\/\/linitiative.ca\/International\/wp-json\/wp\/v2\/users\/1965"}],"replies":[{"embeddable":true,"href":"https:\/\/linitiative.ca\/International\/wp-json\/wp\/v2\/comments?post=68395"}],"version-history":[{"count":0,"href":"https:\/\/linitiative.ca\/International\/wp-json\/wp\/v2\/posts\/68395\/revisions"}],"wp:attachment":[{"href":"https:\/\/linitiative.ca\/International\/wp-json\/wp\/v2\/media?parent=68395"}],"wp:term":[{"taxonomy":"category","embeddable":true,"href":"https:\/\/linitiative.ca\/International\/wp-json\/wp\/v2\/categories?post=68395"},{"taxonomy":"post_tag","embeddable":true,"href":"https:\/\/linitiative.ca\/International\/wp-json\/wp\/v2\/tags?post=68395"}],"curies":[{"name":"wp","href":"https:\/\/api.w.org\/{rel}","templated":true}]}}