{"id":68396,"date":"2019-11-23T15:50:10","date_gmt":"2019-11-23T20:50:10","guid":{"rendered":"https:\/\/linitiative.ca\/International\/bolivie-la-paz-a-faim-santa-cruz-organise-un-pont-aerien-pour-la-nourrir\/"},"modified":"2019-11-23T15:50:10","modified_gmt":"2019-11-23T20:50:10","slug":"bolivie-la-paz-a-faim-santa-cruz-organise-un-pont-aerien-pour-la-nourrir","status":"publish","type":"post","link":"https:\/\/linitiative.ca\/International\/bolivie-la-paz-a-faim-santa-cruz-organise-un-pont-aerien-pour-la-nourrir\/","title":{"rendered":"Bolivie: La Paz a faim, Santa Cruz organise un \u00ab\u00a0pont a\u00e9rien\u00a0\u00bb pour la nourrir"},"content":{"rendered":"<div readability=\"32\">\n<p>Publi\u00e9 le 23.11.2019 \u00e0 21h50 par AFP<\/p>\n<\/div>\n<div readability=\"139\">\n<p>La balance indique 41 kg. Pour arriver aux 40 kg permis, Freddy retire un poulet de son colis: \u00ab\u00a0Et voil\u00e0 !\u00a0\u00bb Pour envoyer de quoi nourrir La Paz, coup\u00e9e des r\u00e9gions agricoles par des partisans d\u2019Evo Morales, ils sont des centaines \u00e0 se presser \u00e0 l\u2019a\u00e9roport de Santa Cruz, grenier de la Bolivie.<\/p>\n<p>A l\u2019a\u00e9roport de la deuxi\u00e8me ville du pays, la file d\u2019attente pour atteindre le comptoir d\u2019envoi des colis s\u2019allonge pour arriver jusque sur le trottoir. Et sur le bitume, le soleil impitoyable du printemps austral fait grimper le thermom\u00e8tre \u00e0 pr\u00e8s de 40 degr\u00e9s. Pas de quoi agacer Ninoska Ramirez. Sur son chariot, deux bo\u00eetes en polystyr\u00e8ne \u2013 \u00ab\u00a0pour la fra\u00eecheur\u00a0\u00bb \u2013 dans lesquelles elle a mis 5 kilos de viande.<\/p>\n<p>Elle compte sur l\u2019un des 15e vols commerciaux qui relient Santa Cruz, le moteur \u00e9conomique de la Bolivie, \u00e0 La Paz, la capitale administrative.<\/p>\n<p>\u00ab\u00a0Ma famille \u00e0 La Paz me dit qu\u2019il n\u2019y a plus de viande et, quand il y en a, elle est tr\u00e8s ch\u00e8re\u00a0\u00bb, explique Ninoska Ramirez. \u00ab\u00a0S\u2019ils se serrent la ceinture, avec 5 kg ils pourront tenir une semaine\u00a0\u00bb.<\/p>\n<p>\u00ab\u00a0Ouh l\u00e0 !\u00a0\u00bb, s\u2019exclame Freddy qui a, lui, d\u00e9j\u00e0 atteint le comptoir. \u00ab\u00a0C\u2019est 7 bolivianos (environ 1 dollar) par kilo\u00a0\u00bb \u00e0 envoyer, avance-t-il. Il en aura donc pour 280 bolivianos (40 dollars) pour envoyer ses 40 kilos de poulet.<\/p>\n<p>A 500 m\u00e8tres de l\u00e0, devant le hangar du fret, Felipe Loayza fait le pied de grue pour d\u00e9poser des colis destin\u00e9s \u00e0 ses proches. \u00ab\u00a0C\u2019est de la viande et des l\u00e9gumes, \u00e7a suffit pour trois jours\u00a0\u00bb, dit-il pendant que les avions-cargo se succ\u00e8dent sur le tarmac.<\/p>\n<p>A une heure d\u2019avion plus \u00e0 l\u2019ouest, sur l\u2019altiplano andin, les 1,7 million d\u2019habitants de La Paz et de sa jumelle El Alto souffrent depuis un peu plus d\u2019une semaine des effets du blocage des routes qui rejoignent le coeur agricole de la Bolivie, dont Santa Cruz est la capitale officieuse.<\/p>\n<p>A La Paz, le poulet se rar\u00e9fie, tout comme la viande de boeuf et les produits laitiers. Autant de denr\u00e9es qu\u2019envoient d\u2019ordinaire par route les \u00e9leveurs de Santa Cruz, d\u00e9partement qui produit plus de 70% des aliments consomm\u00e9s en Bolivie. Le blocage d\u2019une raffinerie pr\u00e8s de La Paz a \u00e9galement caus\u00e9 une p\u00e9nurie d\u2019essence.<\/p>\n<p>-\u00ab\u00a0Pacifier le pays\u00a0\u00bb-<\/p>\n<p>Pour tenter de soulager la capitale, le gouvernement de la pr\u00e9sidente par int\u00e9rim Jeanine A\u00f1ez a annonc\u00e9 la semaine derni\u00e8re l\u2019envoi de plusieurs tonnes de denr\u00e9es \u00e0 La Paz.<\/p>\n<p>Et la Chambre agricole orientale, qui couvre le d\u00e9partement de Santa Cruz, dit \u00ab\u00a0tenter de limiter les dommages caus\u00e9s par les blocages\u00a0\u00bb en envoyant entre 270 et 300 tonnes de nourriture chaque jour par les airs \u00e0 La Paz.<\/p>\n<p>Les partisans d\u2019Evo Morales qui bloquent les routes exigent le d\u00e9part de Mme A\u00f1ez, qui a pris les r\u00eanes de la Bolivie il y a dix jours. Selon eux, Evo Morales a \u00e9t\u00e9 victime d\u2019un \u00ab\u00a0coup d\u2019Etat\u00a0\u00bb et ils reprochent au gouvernement int\u00e9rimaire son recours \u00e0 la force pour \u00ab\u00a0r\u00e9primer\u00a0\u00bb leurs manifestations.<\/p>\n<p>Depuis la pr\u00e9sidentielle du 20 octobre, 32 personnes sont mortes dans des violences.<\/p>\n<p>De son c\u00f4t\u00e9, le gouvernement accuse Evo Morales, d\u00e9sormais en exil au Mexique, de \u00ab\u00a0s\u00e9dition et de terrorisme\u00a0\u00bb, pour avoir incit\u00e9 ses partisans \u00e0 mettre en place les blocages autour de La Paz. Le ministre de l\u2019Int\u00e9rieur Arturo Murillo a dit vendredi avoir port\u00e9 plainte contre Evo Morales.<\/p>\n<p>Santa Cruz a toujours regard\u00e9 vers La Paz avec m\u00e9fiance, voire d\u00e9fiance. Et lorsqu\u2019Evo Morales a revendiqu\u00e9 la victoire d\u00e8s le premier tour \u00e0 l\u2019\u00e9lection du 20 octobre, la ville a \u00e9t\u00e9 l\u2019\u00e9picentre de la protestation qui l\u2019a men\u00e9 \u00e0 d\u00e9missionner trois semaines plus tard.<\/p>\n<p>Sur les implications politiques des blocages, Felipe Loayza, qui envoie viande et l\u00e9gumes \u00e0 sa famille \u00e0 La Paz, ne dit mot. Il se veut optimiste. \u00ab\u00a0Je pense que la situation va commencer se normaliser\u00a0\u00bb sur les routes, avance-t-il.<\/p>\n<\/div>\n<p>Auteur: AFP<br \/>\n<a href=\"https:\/\/www.journalducameroun.com\/bolivie-la-paz-a-faim-santa-cruz-organise-un-pont-aerien-pour-la-nourrir\/\">Cliquez ici pour lire l&rsquo;article depuis sa source.<\/a><\/p>\n","protected":false},"excerpt":{"rendered":"<p>Publi\u00e9 le 23.11.2019 \u00e0 21h50 par AFP La balance indique 41 kg. Pour arriver aux 40 kg permis, Freddy retire un poulet de son colis: \u00ab\u00a0Et voil\u00e0 !\u00a0\u00bb Pour envoyer de quoi nourrir La Paz, coup\u00e9e des r\u00e9gions agricoles par des partisans d\u2019Evo Morales, ils sont des centaines \u00e0 se presser \u00e0 l\u2019a\u00e9roport de Santa [&hellip;]<\/p>\n","protected":false},"author":1965,"featured_media":0,"comment_status":"closed","ping_status":"closed","sticky":false,"template":"","format":"standard","meta":{"fifu_image_url":"","fifu_image_alt":"","footnotes":""},"categories":[73,82],"tags":[],"class_list":["post-68396","post","type-post","status-publish","format-standard","hentry","category-actualite","category-cameroun"],"_links":{"self":[{"href":"https:\/\/linitiative.ca\/International\/wp-json\/wp\/v2\/posts\/68396","targetHints":{"allow":["GET"]}}],"collection":[{"href":"https:\/\/linitiative.ca\/International\/wp-json\/wp\/v2\/posts"}],"about":[{"href":"https:\/\/linitiative.ca\/International\/wp-json\/wp\/v2\/types\/post"}],"author":[{"embeddable":true,"href":"https:\/\/linitiative.ca\/International\/wp-json\/wp\/v2\/users\/1965"}],"replies":[{"embeddable":true,"href":"https:\/\/linitiative.ca\/International\/wp-json\/wp\/v2\/comments?post=68396"}],"version-history":[{"count":0,"href":"https:\/\/linitiative.ca\/International\/wp-json\/wp\/v2\/posts\/68396\/revisions"}],"wp:attachment":[{"href":"https:\/\/linitiative.ca\/International\/wp-json\/wp\/v2\/media?parent=68396"}],"wp:term":[{"taxonomy":"category","embeddable":true,"href":"https:\/\/linitiative.ca\/International\/wp-json\/wp\/v2\/categories?post=68396"},{"taxonomy":"post_tag","embeddable":true,"href":"https:\/\/linitiative.ca\/International\/wp-json\/wp\/v2\/tags?post=68396"}],"curies":[{"name":"wp","href":"https:\/\/api.w.org\/{rel}","templated":true}]}}