{"id":68397,"date":"2019-11-23T16:50:03","date_gmt":"2019-11-23T21:50:03","guid":{"rendered":"https:\/\/linitiative.ca\/International\/les-forces-de-lordre-quadrillent-bogota-apres-une-nuit-de-couvre-feu-inedit\/"},"modified":"2019-11-23T16:50:03","modified_gmt":"2019-11-23T21:50:03","slug":"les-forces-de-lordre-quadrillent-bogota-apres-une-nuit-de-couvre-feu-inedit","status":"publish","type":"post","link":"https:\/\/linitiative.ca\/International\/les-forces-de-lordre-quadrillent-bogota-apres-une-nuit-de-couvre-feu-inedit\/","title":{"rendered":"Les forces de l\u2019ordre quadrillent Bogota apr\u00e8s une nuit de couvre-feu in\u00e9dit"},"content":{"rendered":"<div readability=\"32\">\n<p>Publi\u00e9 le 23.11.2019 \u00e0 22h50 par AFP<\/p>\n<\/div>\n<div readability=\"160\">\n<p>Militaires et policiers quadrillaient Bogota samedi apr\u00e8s une nuit de couvre-feu total, le premier d\u00e9cr\u00e9t\u00e9 depuis plus de quarante ans dans la capitale colombienne, apr\u00e8s les violences ayant suivi une mobilisation massive contre le pr\u00e9sident Ivan Duque.<\/p>\n<p>Quelque 13.000 policiers et militaires, appuy\u00e9s par des h\u00e9licopt\u00e8res, parcouraient en v\u00e9hicules blind\u00e9s, \u00e0 moto ou \u00e0 pied les quartiers de cette ville de sept millions d\u2019habitants, o\u00f9 des violences et pillages la veille se sont sold\u00e9s par pr\u00e8s de 300 interpellations.<\/p>\n<p>\u00ab\u00a0Ces patrouilles sont n\u00e9cessaires et assurent en outre la tranquillit\u00e9 des citoyens\u00a0\u00bb, a d\u00e9clar\u00e9 M. Duque, cible jeudi de manifestations contre ses politiques \u00e9conomique, sociale et s\u00e9curitaire.<\/p>\n<p>Dans cette capitale c\u00e9l\u00e8bre pour ses gigantesques embouteillages, voitures, camions et motos vrombissaient \u00e0 nouveau, apr\u00e8s une nuit de calme tendu.<\/p>\n<p>Avant de revenir peu \u00e0 peu \u00e0 la normale au matin, Bogota avait pris des airs de ville fant\u00f4me durant le couvre-feu impos\u00e9 dans tous les quartiers d\u00e8s 21H00 locales (02H00 GMT) vendredi, puis lev\u00e9 comme pr\u00e9vu \u00e0 06H00 (11H00 GMT).<\/p>\n<p>\u2013 Interpellations \u2013<\/p>\n<p>Des \u00e9quipes de nettoyage s\u2019activaient samedi dans les rues jonch\u00e9es des restes de feux allum\u00e9s par des manifestants, de d\u00e9chets et du verre bris\u00e9 des vitres de stations d\u2019autobus endommag\u00e9es, selon le maire Enrique Pe\u00f1alosa, par \u00ab\u00a0une minorit\u00e9 de d\u00e9linquants\u00a0\u00bb<\/p>\n<p>Tard vendredi, le ministre de la D\u00e9fense Carlos Holmes Trujillo avait annonc\u00e9 que \u00ab\u00a0les actes de vandalisme\u00a0\u00bb \u00e9taient contr\u00f4l\u00e9s et que le couvre-feu \u00e9tait respect\u00e9 \u00e0 90% dans cette ville qui n\u2019avait pas connu une telle mesure depuis des manifestations en 1977.<\/p>\n<p>Au total, 331 personnes ont \u00e9t\u00e9 interpell\u00e9es pour avoir d\u00e9fi\u00e9 l\u2019interdiction de circuler, instaur\u00e9e \u00e9galement \u00e0 Cali, la troisi\u00e8me ville du pays.<\/p>\n<p>En d\u00e9but de soir\u00e9e vendredi, des centaines de personnes avaient d\u00e9fi\u00e9 le couvre-feu dans la capitale, pour des \u00ab\u00a0cacerolazos\u00a0\u00bb \u2013 concerts de casseroles \u2013 notamment devant le domicile du pr\u00e9sident Duque. Des manifestants y ont chant\u00e9 l\u2019hymne national avant de se disperser dans le calme.<\/p>\n<p>Entreprises et commerces avaient ferm\u00e9 t\u00f4t, certains prot\u00e9geant leurs fa\u00e7ades avec des plaques de bois ou de m\u00e9tal.<\/p>\n<p>Des universit\u00e9s de la capitale \u00e9taient rest\u00e9es cependant ouvertes pour accueillir les \u00e9tudiants en l\u2019absence de transports.<\/p>\n<p>Les responsables des pillages et d\u00e9gradations caus\u00e9es depuis jeudi soir n\u2019ont pas \u00e9t\u00e9 clairement identifi\u00e9s, mais le maire, qui a \u00e9galement interdit la vente d\u2019alcool jusqu\u2019\u00e0 la mi-journ\u00e9e de samedi, a ni\u00e9 toute relation avec le mouvement social contre la politique de M. Duque.<\/p>\n<p>\u00ab\u00a0Ceci n\u2019est pas la gr\u00e8ve, ni une marche d\u00e9mocratique, ni un +cacerolazo+. Nous sommes confront\u00e9s \u00e0 une minorit\u00e9 de d\u00e9linquants qui d\u00e9truisent la ville\u00a0\u00bb, a-t-il argu\u00e9.<\/p>\n<p>Les marches de jeudi, majoritairement pacifiques et auxquelles ont particip\u00e9 des centaines de milliers de personnes, avaient \u00e9t\u00e9 suivies d\u2019affrontements entre civils et policiers anti-\u00e9meute, qui ont fait trois morts et plus de 270 bless\u00e9s.<\/p>\n<p>\u2013 Dialogue national \u00e0 venir \u2013<\/p>\n<p>L\u2019expert en s\u00e9curit\u00e9 Hugo Acero a \u00e9voqu\u00e9 des \u00ab\u00a0faits de vandalisme\u00a0\u00bb. Des personnes \u00ab\u00a0se sont consacr\u00e9es \u00e0 piller, attaquer ou voler des marchandises dans certains commerces. Ce ne sont pas des faits de protestation sociale\u00a0\u00bb, a-t-il affirm\u00e9.<\/p>\n<p>De nouvelles manifestations ont eu lieu vendredi, la plupart sans heurts.<\/p>\n<p>\u00ab\u00a0Ce matin, c\u2019est calme alors que hier soir, c\u2019\u00e9tait pesant (\u2026) \u00e7a faisait peur\u00a0\u00bb, a d\u00e9clar\u00e9 \u00e0 l\u2019AFP Ana Belen Cuellar, une vendeuse ambulante de 35 ans, dont les affaires ont p\u00e2ti du couvre-feu.<\/p>\n<p>Inquiets, des habitants s\u2019\u00e9taient arm\u00e9s de gourdins et de couteaux, d\u00e9non\u00e7ant des tentatives de cambriolage par des individus cagoul\u00e9s ou la t\u00eate couverte de capuche.<\/p>\n<p>Des rencontres sportives et d\u2019autres \u00e9v\u00e9nements ont \u00e9t\u00e9 annul\u00e9s ou report\u00e9s, tandis que des vols \u00e9taient encore retard\u00e9s samedi \u00e0 l\u2019a\u00e9roport international de Bogota.<\/p>\n<p>Le pr\u00e9sident Duque, qui p\u00e2tit de 69% d\u2019opinions d\u00e9favorables, a convoqu\u00e9 une \u00ab\u00a0conversation nationale\u00a0\u00bb \u00e0 partir de la semaine prochaine, en r\u00e9ponse \u00e0 la mobilisation sociale, la plus importante de ces derni\u00e8res ann\u00e9es.<\/p>\n<p>Outre une politique de s\u00e9curit\u00e9 focalis\u00e9e sur le narcotrafic et une recrudescence de la violence dans certaines r\u00e9gions depuis l\u2019accord de paix de 2016 avec l\u2019ex-gu\u00e9rilla des Farc, le mouvement d\u00e9non\u00e7ait des vell\u00e9it\u00e9s de flexibiliser le march\u00e9 du travail, d\u2019affaiblir le fonds public des retraites en faveur d\u2019entit\u00e9s priv\u00e9es, et de reculer l\u2019\u00e2ge de la retraite.<\/p>\n<\/div>\n<p>Auteur: AFP<br \/>\n<a href=\"https:\/\/www.journalducameroun.com\/les-forces-de-lordre-quadrillent-bogota-apres-une-nuit-de-couvre-feu-inedit\/\">Cliquez ici pour lire l&rsquo;article depuis sa source.<\/a><\/p>\n","protected":false},"excerpt":{"rendered":"<p>Publi\u00e9 le 23.11.2019 \u00e0 22h50 par AFP Militaires et policiers quadrillaient Bogota samedi apr\u00e8s une nuit de couvre-feu total, le premier d\u00e9cr\u00e9t\u00e9 depuis plus de quarante ans dans la capitale colombienne, apr\u00e8s les violences ayant suivi une mobilisation massive contre le pr\u00e9sident Ivan Duque. Quelque 13.000 policiers et militaires, appuy\u00e9s par des h\u00e9licopt\u00e8res, parcouraient en [&hellip;]<\/p>\n","protected":false},"author":1965,"featured_media":0,"comment_status":"closed","ping_status":"closed","sticky":false,"template":"","format":"standard","meta":{"fifu_image_url":"","fifu_image_alt":"","footnotes":""},"categories":[73,82],"tags":[],"class_list":["post-68397","post","type-post","status-publish","format-standard","hentry","category-actualite","category-cameroun"],"_links":{"self":[{"href":"https:\/\/linitiative.ca\/International\/wp-json\/wp\/v2\/posts\/68397","targetHints":{"allow":["GET"]}}],"collection":[{"href":"https:\/\/linitiative.ca\/International\/wp-json\/wp\/v2\/posts"}],"about":[{"href":"https:\/\/linitiative.ca\/International\/wp-json\/wp\/v2\/types\/post"}],"author":[{"embeddable":true,"href":"https:\/\/linitiative.ca\/International\/wp-json\/wp\/v2\/users\/1965"}],"replies":[{"embeddable":true,"href":"https:\/\/linitiative.ca\/International\/wp-json\/wp\/v2\/comments?post=68397"}],"version-history":[{"count":0,"href":"https:\/\/linitiative.ca\/International\/wp-json\/wp\/v2\/posts\/68397\/revisions"}],"wp:attachment":[{"href":"https:\/\/linitiative.ca\/International\/wp-json\/wp\/v2\/media?parent=68397"}],"wp:term":[{"taxonomy":"category","embeddable":true,"href":"https:\/\/linitiative.ca\/International\/wp-json\/wp\/v2\/categories?post=68397"},{"taxonomy":"post_tag","embeddable":true,"href":"https:\/\/linitiative.ca\/International\/wp-json\/wp\/v2\/tags?post=68397"}],"curies":[{"name":"wp","href":"https:\/\/api.w.org\/{rel}","templated":true}]}}