{"id":68398,"date":"2019-11-23T02:36:13","date_gmt":"2019-11-23T07:36:13","guid":{"rendered":"https:\/\/linitiative.ca\/International\/candidatures-ladministration-accusee-davoir-bloque-la-constitution-des-dossiers\/"},"modified":"2019-11-23T02:36:13","modified_gmt":"2019-11-23T07:36:13","slug":"candidatures-ladministration-accusee-davoir-bloque-la-constitution-des-dossiers","status":"publish","type":"post","link":"https:\/\/linitiative.ca\/International\/candidatures-ladministration-accusee-davoir-bloque-la-constitution-des-dossiers\/","title":{"rendered":"Candidatures: l\u2019administration accus\u00e9e d\u2019avoir bloqu\u00e9 la constitution des dossiers"},"content":{"rendered":"<p>La rengaine est quasiment g\u00e9n\u00e9rale dans les rangs de l\u2019opposition camerounaise. Les acteurs politiques de cette tendance accusent en effet les autorit\u00e9s administratives de ne leur avoir pas facilit\u00e9 la t\u00e2che en ce qui concerne la constitution de leurs dossiers de candidatures aux \u00e9lections l\u00e9gislatives et municipales de f\u00e9vrier prochain. Ils accusent les agents de l\u2019Etat de s\u2019\u00eatre livr\u00e9s \u00e0 tous types de man\u0153uvres pour les emp\u00eacher d\u2019obtenir les actes l\u00e9gaux indispensables.<\/p>\n<p>Des membres du Parti camerounais pour la r\u00e9conciliation nationale (<strong>PCRN<\/strong>), dont le pr\u00e9sident est\u00a0<strong>Cabral Libii<\/strong>, ont d\u00e9nonc\u00e9 certains agents communaux et ceux travaillant dans les tribunaux, expliquant que ces derniers exigeaient des timbres et une r\u00e9mun\u00e9ration pour signer des extraits d\u2019acte de naissance et des extraits du casier judiciaire num\u00e9ro 3. Justin Roger Noah, secr\u00e9taire g\u00e9n\u00e9ral adjoint du Mouvement pour la renaissance du Cameroun (<strong>MRC<\/strong>), a \u00e9galement fait savoir que ses camarades <em>\u00ab \u00e9prouvent des difficult\u00e9s pour obtenir des pi\u00e8ces requises pour constituer leur dossier de candidature \u00bb<\/em>.<\/p>\n<p>Les \u00e9chos venus de nombreuses localit\u00e9s du Cameroun indiquent en effet que beaucoup de potentiels candidats, membres des partis de l\u2019opposition, ont rencontr\u00e9 ces difficult\u00e9s durant les deux derni\u00e8res semaines. Et quand ce n\u2019\u00e9tait pas d\u2019importants pourboires \u00e0 verser, c\u2019est l\u2019absence des personnes comp\u00e9tentes pour signer les documents qui leurs \u00e9tait oppos\u00e9e. Selon des t\u00e9moignages, certains maires ont retir\u00e9 la d\u00e9l\u00e9gation de signature \u00e0 leurs adjoints, gardant ainsi le pouvoir de l\u00e9galiser certains documents, mais surtout, le pouvoir de choisir \u00e0 qui l\u00e9galiser un document.<\/p>\n<p>Candidat du PCRN dans la <strong>Mefou et Akono<\/strong> (Centre), <strong>Justin Messi<\/strong>, cit\u00e9 par la presse, accuse les \u00e9lites d\u2019avoir donn\u00e9 des consignes aux agents de l\u2019Etat pour emp\u00eacher aux candidats de l\u2019opposition de constituer normalement leur dossier de candidature. <em>\u00ab\u00a0A <strong>Metet<\/strong> dans le d\u00e9partement du Nyong-et-So\u2019o, les militants du MRC disent avoir rencontr\u00e9 plusieurs difficult\u00e9s pour l\u2019obtention de l\u2019extrait de l\u2019acte de naissance\u00a0\u00bb<\/em>, d\u00e9crit le journal <em>D\u00e9fis Actuels<\/em>. M\u00eame chose \u00e0 <strong>Yingui<\/strong> dans le d\u00e9partement du Nkam, o\u00f9 Daniel Nongou\u00e9 du PCRN, toujours au micro de notre confr\u00e8re, relevait\u00a0: <em>\u00ab nous ne pouvons pas faire de dossier l\u00e0-bas, les autorit\u00e9s jouent \u00e0 cache-cache, elles auraient peur des repr\u00e9sailles des \u00e9lites locales, comme le directeur g\u00e9n\u00e9ral d\u2019Elecam \u00bb<\/em>.<\/p>\n<p>Rappelons que selon le Code \u00e9lectoral, les candidats aux \u00e9lections municipales et l\u00e9gislatives ont jusqu\u2019\u00e0 ce lundi 25 novembre 2019 pour d\u00e9poser leurs dossiers.<\/p>\n<p>Auteur: EcoMatin<br \/>\n<a href=\"https:\/\/ecomatin.net\/candidatures-ladministration-accusee-davoir-bloque-la-constitution-des-dossiers\/\">Cliquez ici pour lire l&rsquo;article depuis sa source.<\/a><\/p>\n","protected":false},"excerpt":{"rendered":"<p>La rengaine est quasiment g\u00e9n\u00e9rale dans les rangs de l\u2019opposition camerounaise. Les acteurs politiques de cette tendance accusent en effet les autorit\u00e9s administratives de ne leur avoir pas facilit\u00e9 la t\u00e2che en ce qui concerne la constitution de leurs dossiers de candidatures aux \u00e9lections l\u00e9gislatives et municipales de f\u00e9vrier prochain. Ils accusent les agents de [&hellip;]<\/p>\n","protected":false},"author":1969,"featured_media":0,"comment_status":"closed","ping_status":"closed","sticky":false,"template":"","format":"standard","meta":{"fifu_image_url":"","fifu_image_alt":"","footnotes":""},"categories":[82,78],"tags":[],"class_list":["post-68398","post","type-post","status-publish","format-standard","hentry","category-cameroun","category-economie"],"_links":{"self":[{"href":"https:\/\/linitiative.ca\/International\/wp-json\/wp\/v2\/posts\/68398","targetHints":{"allow":["GET"]}}],"collection":[{"href":"https:\/\/linitiative.ca\/International\/wp-json\/wp\/v2\/posts"}],"about":[{"href":"https:\/\/linitiative.ca\/International\/wp-json\/wp\/v2\/types\/post"}],"author":[{"embeddable":true,"href":"https:\/\/linitiative.ca\/International\/wp-json\/wp\/v2\/users\/1969"}],"replies":[{"embeddable":true,"href":"https:\/\/linitiative.ca\/International\/wp-json\/wp\/v2\/comments?post=68398"}],"version-history":[{"count":0,"href":"https:\/\/linitiative.ca\/International\/wp-json\/wp\/v2\/posts\/68398\/revisions"}],"wp:attachment":[{"href":"https:\/\/linitiative.ca\/International\/wp-json\/wp\/v2\/media?parent=68398"}],"wp:term":[{"taxonomy":"category","embeddable":true,"href":"https:\/\/linitiative.ca\/International\/wp-json\/wp\/v2\/categories?post=68398"},{"taxonomy":"post_tag","embeddable":true,"href":"https:\/\/linitiative.ca\/International\/wp-json\/wp\/v2\/tags?post=68398"}],"curies":[{"name":"wp","href":"https:\/\/api.w.org\/{rel}","templated":true}]}}