{"id":68399,"date":"2019-11-23T03:10:18","date_gmt":"2019-11-23T08:10:18","guid":{"rendered":"https:\/\/linitiative.ca\/International\/recrutement-premieres-retombees-du-grand-dialogue-national\/"},"modified":"2019-11-23T03:10:18","modified_gmt":"2019-11-23T08:10:18","slug":"recrutement-premieres-retombees-du-grand-dialogue-national","status":"publish","type":"post","link":"https:\/\/linitiative.ca\/International\/recrutement-premieres-retombees-du-grand-dialogue-national\/","title":{"rendered":"Recrutement : premi\u00e8res retomb\u00e9es du Grand Dialogue National"},"content":{"rendered":"<div class=\"featured-area featured-area-inner\"><img loading=\"lazy\" decoding=\"async\" width=\"756\" height=\"405\" src=\"https:\/\/ecomatin.net\/wp-content\/uploads\/2019\/11\/GDN300919750-756x405.jpeg\" class=\"attachment-jannah-image-post size-jannah-image-post wp-post-image\" alt=\"\"\/><\/div>\n<div class=\"entry-content entry clearfix\" readability=\"67\">\n<p>Au terme des \u00e9changes autour du Grand dialogue national (GDN), la Commission <em>\u00ab Bilinguisme, diversit\u00e9 culturelle et coh\u00e9sion sociale \u00bb<\/em>, avait plaid\u00e9 pour une utilisation \u00e9quitable de l\u2019anglais et du fran\u00e7ais au Cameroun. Pr\u00e8s de deux mois apr\u00e8s la tenue des assises \u00e0 Yaound\u00e9, le pr\u00e9sident de la R\u00e9publique a instruit le recrutement dans les cinq prochaines ann\u00e9es de 500 traducteurs et traducteurs- interpr\u00e8tes dans diff\u00e9rentes administrations publiques. Le message a \u00e9t\u00e9 port\u00e9 mercredi 20 novembre par <strong>Ferdinand Ngoh Ngoh<\/strong>, secr\u00e9taire g\u00e9n\u00e9ral de la pr\u00e9sidence de la R\u00e9publique.<\/p>\n<p>En s\u2019adressant \u00e0 son homologue des services du Premier ministre, le SG-PR \u00e9crit : <em>\u00ab\u2009j\u2019ai l\u2019honneur de vous r\u00e9percuter les tr\u00e8s hautes instructions du chef de l\u2019Etat demandant de proc\u00e9der \u00e0 un recrutement sp\u00e9cial de 500 traducteurs et traducteurs-interpr\u00e8tes au cours des cinq prochaines ann\u00e9es, \u00e0 compter de l\u2019exercice 2020\u2009\u00bb<\/em>. Ferdinand Ngoh Ngoh explique que cette d\u00e9cision pr\u00e9sidentielle s\u2019inscrit en droite ligne des recommandations issues du grand dialogue national sur la crise dans le Nord-ouest et le Sud-ouest, tenu \u00e0 Yaound\u00e9 du 31 septembre au 4 octobre 2019.<\/p>\n<p>Parlant des r\u00e9solutions, la Commission \u00ab\u00a0Bilinguisme, diversit\u00e9 culturelle et coh\u00e9sion sociale\u00a0\u00bb, pr\u00e9sid\u00e9e par <strong>Joshua Osih<\/strong> avait recommand\u00e9 que l\u2019apprentissage et l\u2019usage des deux langues d\u00e9bute \u00e0 la maternelle. Conform\u00e9ment \u00e0 la Constitution qui stipule dans son article 1, alin\u00e9a 3 que <em>\u00ab\u00a0La R\u00e9publique du Cameroun adopte l\u2019anglais et le Fran\u00e7ais comme langues officielles d\u2019\u00e9gales valeurs\u00a0\u00bb<\/em>.<\/p>\n<p>Malheureusement, <em>\u00ab\u00a0cet aspect de notre vie nationale n\u2019est pas pris au s\u00e9rieux par tout le monde, surtout dans le secteur public\u00a0\u00bb<\/em> avait indiqu\u00e9 <strong>Peter Mafany Musonge<\/strong>, pr\u00e9sident de la Commission nationale pour la promotion du bilinguisme et du multiculturalisme. Il indiquait au terme de deux ans d\u2019exercice qu\u2019en tant que pr\u00e9sident de cet organe consultatif, <em>\u00ab\u00a0son \u00e9quipe et lui ont le devoir d\u2019\u0153uvrer pour le renforcement de ce droit linguistique, cher \u00e0 la consolidation du vivre-ensemble\u00a0\u00bb<\/em>.<\/p>\n<\/div>\n<p>Auteur: EcoMatin<br \/>\n<a href=\"https:\/\/ecomatin.net\/recrutement-premieres-retombees-du-grand-dialogue-national\/\">Cliquez ici pour lire l&rsquo;article depuis sa source.<\/a><\/p>\n","protected":false},"excerpt":{"rendered":"<p>Au terme des \u00e9changes autour du Grand dialogue national (GDN), la Commission \u00ab Bilinguisme, diversit\u00e9 culturelle et coh\u00e9sion sociale \u00bb, avait plaid\u00e9 pour une utilisation \u00e9quitable de l\u2019anglais et du fran\u00e7ais au Cameroun. Pr\u00e8s de deux mois apr\u00e8s la tenue des assises \u00e0 Yaound\u00e9, le pr\u00e9sident de la R\u00e9publique a instruit le recrutement dans les [&hellip;]<\/p>\n","protected":false},"author":1969,"featured_media":68400,"comment_status":"closed","ping_status":"closed","sticky":false,"template":"","format":"standard","meta":{"fifu_image_url":"","fifu_image_alt":"","footnotes":""},"categories":[82,78],"tags":[],"class_list":["post-68399","post","type-post","status-publish","format-standard","has-post-thumbnail","hentry","category-cameroun","category-economie"],"_links":{"self":[{"href":"https:\/\/linitiative.ca\/International\/wp-json\/wp\/v2\/posts\/68399","targetHints":{"allow":["GET"]}}],"collection":[{"href":"https:\/\/linitiative.ca\/International\/wp-json\/wp\/v2\/posts"}],"about":[{"href":"https:\/\/linitiative.ca\/International\/wp-json\/wp\/v2\/types\/post"}],"author":[{"embeddable":true,"href":"https:\/\/linitiative.ca\/International\/wp-json\/wp\/v2\/users\/1969"}],"replies":[{"embeddable":true,"href":"https:\/\/linitiative.ca\/International\/wp-json\/wp\/v2\/comments?post=68399"}],"version-history":[{"count":0,"href":"https:\/\/linitiative.ca\/International\/wp-json\/wp\/v2\/posts\/68399\/revisions"}],"wp:featuredmedia":[{"embeddable":true,"href":"https:\/\/linitiative.ca\/International\/wp-json\/"}],"wp:attachment":[{"href":"https:\/\/linitiative.ca\/International\/wp-json\/wp\/v2\/media?parent=68399"}],"wp:term":[{"taxonomy":"category","embeddable":true,"href":"https:\/\/linitiative.ca\/International\/wp-json\/wp\/v2\/categories?post=68399"},{"taxonomy":"post_tag","embeddable":true,"href":"https:\/\/linitiative.ca\/International\/wp-json\/wp\/v2\/tags?post=68399"}],"curies":[{"name":"wp","href":"https:\/\/api.w.org\/{rel}","templated":true}]}}