{"id":68401,"date":"2019-11-24T06:05:42","date_gmt":"2019-11-24T11:05:42","guid":{"rendered":"https:\/\/linitiative.ca\/International\/benabdallah-il-faut-laisser-le-jeu-se-faire-normalement\/"},"modified":"2019-11-24T06:05:42","modified_gmt":"2019-11-24T11:05:42","slug":"benabdallah-il-faut-laisser-le-jeu-se-faire-normalement","status":"publish","type":"post","link":"https:\/\/linitiative.ca\/International\/benabdallah-il-faut-laisser-le-jeu-se-faire-normalement\/","title":{"rendered":"Benabdallah: \u00abIl faut laisser le jeu se faire normalement\u00bb"},"content":{"rendered":"<p class=\"has-text-color has-vivid-red-color c2\"><strong>Invit\u00e9 par SciencePo-Alumni Maroc<\/strong><\/p>\n<p class=\"has-text-color has-vivid-cyan-blue-color c3\"><strong>L\u2019opposition entre politique et technocrate rel\u00e8ve\u00a0 d\u2019une vision tronqu\u00e9e, voire trompeuse de la situation politique<\/strong><\/p>\n<p>\u00abEn ces temps-ci, il y a urgence de promouvoir\u00a0 un d\u00e9bat politique s\u00e9rieux et serein\u00bb, a soulign\u00e9 Mohamed Nabil Benabdallah, secr\u00e9taire g\u00e9n\u00e9ral du Parti du Progr\u00e8s et du Socialisme (PPS), lors de la 1 e \u00e9dition du nouveau cycle de conf\u00e9rence plac\u00e9 sous le th\u00e8me \u00abLes jeudis du d\u00e9bat\u00bb organis\u00e9 par Science Po- Alumni Maroc. Il faut dire que le dirigeant du parti du Livre, comme \u00e0 l\u2019accoutum\u00e9e, n\u2019a pas fait dans la dentelle en analysant les faiblesses du champ politique actuel et les enjeux qui s\u2019imposent en vue d\u2019entamer un v\u00e9ritable aggiornamento.<\/p>\n<p>Le conf\u00e9rencier a d\u2019abord mis en garde contre les campagnes syst\u00e9matiques\u00a0 de d\u00e9nigrement, portant\u00a0 la responsabilit\u00e9 de tous les maux aux partis politiques et aux organes institutionnels de m\u00e9diation. Assur\u00e9ment, \u00abde tels agissements ont port\u00e9 un coup dur \u00e0 l\u2019action politique et ont m\u00eame conduit \u00e0 cr\u00e9er un hiatus abyssal entre les citoyens et l\u2019univers politique\u00bb, a-t-il martel\u00e9.<\/p>\n<p>R\u00e9sultat\u00a0: une crise de confiance totale qui s\u2019est install\u00e9e dans les esprits d\u2019une large frange de la population, en particulier chez les jeunes, poussant m\u00eame certaines \u00e9lites \u00e0 rompre avec l\u2019action politique, pr\u00e9f\u00e9rant se recroqueviller sur elles-m\u00eames, a-t-il laiss\u00e9 entendre.<\/p>\n<p>Pour le dirigeant du PPS, cette perte de confiance pourrait\u00a0 avoir des effets ind\u00e9sirables. D\u2019ailleurs,\u00a0 ce qui se passe dans certains pays actuellement pourrait se reproduire chez nous, car une simple petite \u00e9tincelle est susceptible de faire sortir les masses, a-t-il averti.\u00a0 Cela \u00e9tant, la mise en place d\u2019une vision claire assortie d\u2019un portage politique fort demeure la condition sine qua non pour recr\u00e9dibiliser l\u2019action politique.\u00a0 \u00abLa volont\u00e9 d\u2019imposer un nouveau-n\u00e9 au champ politique a port\u00e9 un coup fatal \u00e0 l\u2019action politique\u00bb, a-t-il d\u00e9clar\u00e9 en substance, notant dans ce sens\u00a0 que \u00able PPS s\u2019est oppos\u00e9 \u00e0 l\u2019\u00e9poque (2009), farouchement \u00e0 cette \u00e9trange cr\u00e9ation\u00bb.<\/p>\n<p>En fait, a-t-il ajout\u00e9, autant de raisons ont pouss\u00e9 le PPS \u00e0 se retirer du gouvernement, non pas sur un coup de t\u00eate, mais apr\u00e8s moult r\u00e9flexions et une d\u00e9cision bien m\u00fbrie.<\/p>\n<p>Pour le secr\u00e9taire g\u00e9n\u00e9ral du PPS, les foires d\u2019empoigne et les querelles intestines\u00a0 qui d\u00e9chirent\u00a0 la majorit\u00e9,\u00a0 sont l\u2019expression d\u2019une campagne \u00e9lectorale avant l\u2019heure, les facteurs de blocage, ou encore les coups subis par son parti \u00e0 maintes reprises ont constitu\u00e9 des motifs convaincants aupr\u00e8s les militants du parti pour\u00a0 abandonner\u00a0 l\u2019Ex\u00e9cutif. Cependant, a-t-il poursuivi, \u00able PPS qui n\u2019a pas cess\u00e9 de plaider pour un souffle d\u00e9mocratique nouveau, n\u2019a pas une vocation maso.\u00a0Loin s\u2019en faut\u00a0!\u00a0 Il est l\u2019incarnation d\u2019un parti politique national, d\u00e9mocratique qui privil\u00e9gie l\u2019int\u00e9r\u00eat supr\u00eame du pays avant toute autre consid\u00e9ration\u00bb.<\/p>\n<p><strong>Que faire?<\/strong><\/p>\n<div class=\"wp-block-image\"><img loading=\"lazy\" decoding=\"async\" src=\"http:\/\/albayane.press.ma\/wp-content\/uploads\/PH-MACAO-NABIL-2.jpg\" alt=\"\" class=\"wp-image-83062\" width=\"579\" height=\"349\"\/><\/div>\n<p>Et la solution consiste, selon l\u2019intervenant, \u00e0 identifier\u00a0 les priorit\u00e9s, \u00e0 commencer\u00a0 par la mise en place de mesures de relance du champ politique\u00a0 \u00e0 m\u00eame de renforcer la cr\u00e9dibilit\u00e9 et l\u2019autonomie des partis et laisser le jeu se faire normalement, regrettant le fait qu\u2019aujourd\u2019hui le politique est rel\u00e9gu\u00e9 au rang des abonn\u00e9s absents. Et ce n\u2019est pas tout. L\u2019intervenant a mis l\u2019accent sur l\u2019importance de l\u2019instauration d\u2019un climat de confiance\u00a0 en milieu \u00e9conomique afin de booster l\u2019investissement tout en pla\u00e7ant l\u2019action sociale au c\u0153ur des politiques publiques men\u00e9es par l\u2019Etat. Malheureusement, le gouvernement actuel n\u2019a pas interagi positivement avec le discours royal\u00a0 en faisant l\u2019impasse\u00a0 sur les attentes des citoyens, a d\u00e9clar\u00e9 le num\u00e9ro un PPS. Et de poursuivre, \u00aboutre le r\u00f4le pr\u00e9pond\u00e9rant de la Monarchie dans le syst\u00e8me politique, le Maroc a besoin d\u2019un gouvernement et des partis politiques forts et des citoyens qui se reconnaissent dans les institutions constitutionnelles. Comme quoi\u00a0 la mise en \u0153uvre des dispositions de la Constitution 2011 dans sa phase la plus d\u00e9mocratique doit constituer \u00able grand jihad\u00bb, pour la classe politique.<\/p>\n<p>S\u2019agissant de la pr\u00e9sence des technocrates dans le gouvernement, Benabdallah a r\u00e9pliqu\u00e9 que personne n\u2019a le droit de mettre en cause les comp\u00e9tences, mais pour lui,\u00a0 cette opposition entre politique et technocrate n\u2019a pas lieu d\u2019\u00eatre. \u00a0Elle rel\u00e8ve\u00a0 plut\u00f4t, \u00abd\u2019une vision tronqu\u00e9e, voire trompeuse\u00bb, a-t-il insist\u00e9, avant de mettre l\u2019accent sur le fait que les discours stigmatisant le r\u00f4le du\u00a0 politique ont tort, du fait que ce dernier a un r\u00f4le ind\u00e9niable, celui de pouvoir convaincre et mobiliser les citoyens et porter haut et fort leurs revendications des citoyens . Ainsi, \u00ables forces progressistes et d\u00e9mocratiques sont appel\u00e9es \u00e0 remplir leur mission et d\u2019investir le champ social\u00bb, dixit le responsable du PPS.<\/p>\n<p class=\"c4\"><strong>Khalid Darfaf<\/strong><\/p>\n<p>Auteur: M&rsquo;hammed rahal<br \/>\n<a href=\"http:\/\/albayane.press.ma\/benabdallah-il-faut-laisser-le-jeu-se-faire-normalement.html\">Cliquez ici pour lire l&rsquo;article depuis sa source.<\/a><\/p>\n","protected":false},"excerpt":{"rendered":"<p>Invit\u00e9 par SciencePo-Alumni Maroc L\u2019opposition entre politique et technocrate rel\u00e8ve\u00a0 d\u2019une vision tronqu\u00e9e, voire trompeuse de la situation politique \u00abEn ces temps-ci, il y a urgence de promouvoir\u00a0 un d\u00e9bat politique s\u00e9rieux et serein\u00bb, a soulign\u00e9 Mohamed Nabil Benabdallah, secr\u00e9taire g\u00e9n\u00e9ral du Parti du Progr\u00e8s et du Socialisme (PPS), lors de la 1 e \u00e9dition [&hellip;]<\/p>\n","protected":false},"author":1760,"featured_media":68402,"comment_status":"closed","ping_status":"closed","sticky":false,"template":"","format":"standard","meta":{"fifu_image_url":"","fifu_image_alt":"","footnotes":""},"categories":[73,54],"tags":[],"class_list":["post-68401","post","type-post","status-publish","format-standard","has-post-thumbnail","hentry","category-actualite","category-maroc"],"_links":{"self":[{"href":"https:\/\/linitiative.ca\/International\/wp-json\/wp\/v2\/posts\/68401","targetHints":{"allow":["GET"]}}],"collection":[{"href":"https:\/\/linitiative.ca\/International\/wp-json\/wp\/v2\/posts"}],"about":[{"href":"https:\/\/linitiative.ca\/International\/wp-json\/wp\/v2\/types\/post"}],"author":[{"embeddable":true,"href":"https:\/\/linitiative.ca\/International\/wp-json\/wp\/v2\/users\/1760"}],"replies":[{"embeddable":true,"href":"https:\/\/linitiative.ca\/International\/wp-json\/wp\/v2\/comments?post=68401"}],"version-history":[{"count":0,"href":"https:\/\/linitiative.ca\/International\/wp-json\/wp\/v2\/posts\/68401\/revisions"}],"wp:featuredmedia":[{"embeddable":true,"href":"https:\/\/linitiative.ca\/International\/wp-json\/"}],"wp:attachment":[{"href":"https:\/\/linitiative.ca\/International\/wp-json\/wp\/v2\/media?parent=68401"}],"wp:term":[{"taxonomy":"category","embeddable":true,"href":"https:\/\/linitiative.ca\/International\/wp-json\/wp\/v2\/categories?post=68401"},{"taxonomy":"post_tag","embeddable":true,"href":"https:\/\/linitiative.ca\/International\/wp-json\/wp\/v2\/tags?post=68401"}],"curies":[{"name":"wp","href":"https:\/\/api.w.org\/{rel}","templated":true}]}}