{"id":68407,"date":"2019-11-24T11:04:00","date_gmt":"2019-11-24T16:04:00","guid":{"rendered":"https:\/\/linitiative.ca\/International\/les-deux-detenus-de-setif-acquittes-comparution-directe-pour-celui-de-skikda\/"},"modified":"2019-11-24T11:04:00","modified_gmt":"2019-11-24T16:04:00","slug":"les-deux-detenus-de-setif-acquittes-comparution-directe-pour-celui-de-skikda","status":"publish","type":"post","link":"https:\/\/linitiative.ca\/International\/les-deux-detenus-de-setif-acquittes-comparution-directe-pour-celui-de-skikda\/","title":{"rendered":"Les deux d\u00e9tenus de S\u00e9tif acquitt\u00e9s, comparution directe pour celui de Skikda"},"content":{"rendered":"<div id=\"originalText\" readability=\"61\">\n<p>Les deux jeunes interpell\u00e9s vendredi, en plein centre-ville de S\u00e9tif, en possession de l\u2019embl\u00e8me amazigh, ont \u00e9t\u00e9 acquitt\u00e9s, ce dimanche,\u00a0 par le juge pr\u00e8s le tribunal de S\u00e9tif.<\/p>\n<p>En effet, le verdict a \u00e9t\u00e9 rendu apr\u00e8s les plaidoiries d\u2019un collectif d\u2019avocats de S\u00e9tif et de B\u00e9jaia, qui se sont constitu\u00e9s pour d\u00e9fendre les deux jeunes Nacer Agoua d\u2019Akbou de la wilaya de B\u00e9jaia et Akerou Arezki de Tidjelabine, \u00e0 Boumerd\u00e8s , \u00e2g\u00e9s respectivement de 26 et 19 ans. La d\u00e9fence a appel\u00e9 le juge \u00e0 appliquer la loi, en lui indiquant qu\u2019aucun texte ne sanctionne le port de l\u2019embl\u00e8me.<\/p>\n<p>Quant au jeune Walid La\u00efdouni, arr\u00eat\u00e9 \u00e9galement vendredi dernier, \u00e0 Skikda, pour port de l\u2019embl\u00e8me amazigh, et pr\u00e9sent\u00e9 ce matin devant le juge d\u2019instruction pr\u00e8s le tribunal de Skikda, il compara\u00eetra en citation directe, en janvier prochain. Il devrait \u00eatre remis en libert\u00e9 aujourd\u2019hui.<\/p>\n<p class=\"c6\"><strong>FAOUZI SENOUSSAOUI \/\u00a0A.Boukarine<\/strong><\/p>\n<\/div>\n<div id=\"text_core\" readability=\"61\">\n<p>Les deux jeunes interpell\u00e9s vendredi, en plein centre-ville de S\u00e9tif, en possession de l\u2019embl\u00e8me amazigh, ont \u00e9t\u00e9 acquitt\u00e9s, ce dimanche,\u00a0 par le juge pr\u00e8s le tribunal de S\u00e9tif.<\/p>\n<p>En effet, le verdict a \u00e9t\u00e9 rendu apr\u00e8s les plaidoiries d\u2019un collectif d\u2019avocats de S\u00e9tif et de B\u00e9jaia, qui se sont constitu\u00e9s pour d\u00e9fendre les deux jeunes Nacer Agoua d\u2019Akbou de la wilaya de B\u00e9jaia et Akerou Arezki de Tidjelabine, \u00e0 Boumerd\u00e8s , \u00e2g\u00e9s respectivement de 26 et 19 ans. La d\u00e9fence a appel\u00e9 le juge \u00e0 appliquer la loi, en lui indiquant qu\u2019aucun texte ne sanctionne le port de l\u2019embl\u00e8me.<\/p>\n<p>Quant au jeune Walid La\u00efdouni, arr\u00eat\u00e9 \u00e9galement vendredi dernier, \u00e0 Skikda, pour port de l\u2019embl\u00e8me amazigh, et pr\u00e9sent\u00e9 ce matin devant le juge d\u2019instruction pr\u00e8s le tribunal de Skikda, il compara\u00eetra en citation directe, en janvier prochain. Il devrait \u00eatre remis en libert\u00e9 aujourd\u2019hui.<\/p>\n<p class=\"c6\"><strong>FAOUZI SENOUSSAOUI \/\u00a0A.Boukarine<\/strong><\/p>\n<\/div>\n<p>Auteur:<br \/>\n<a href=\"https:\/\/www.liberte-algerie.com\/actualite\/les-deux-detenus-de-setif-acquittes-comparution-directe-pour-celui-de-skikda-328738\">Cliquez ici pour lire l&rsquo;article depuis sa source.<\/a><\/p>\n","protected":false},"excerpt":{"rendered":"<p>Les deux jeunes interpell\u00e9s vendredi, en plein centre-ville de S\u00e9tif, en possession de l\u2019embl\u00e8me amazigh, ont \u00e9t\u00e9 acquitt\u00e9s, ce dimanche,\u00a0 par le juge pr\u00e8s le tribunal de S\u00e9tif. En effet, le verdict a \u00e9t\u00e9 rendu apr\u00e8s les plaidoiries d\u2019un collectif d\u2019avocats de S\u00e9tif et de B\u00e9jaia, qui se sont constitu\u00e9s pour d\u00e9fendre les deux jeunes [&hellip;]<\/p>\n","protected":false},"author":1742,"featured_media":0,"comment_status":"closed","ping_status":"closed","sticky":false,"template":"","format":"standard","meta":{"fifu_image_url":"","fifu_image_alt":"","footnotes":""},"categories":[73,53],"tags":[],"class_list":["post-68407","post","type-post","status-publish","format-standard","hentry","category-actualite","category-algerie"],"_links":{"self":[{"href":"https:\/\/linitiative.ca\/International\/wp-json\/wp\/v2\/posts\/68407","targetHints":{"allow":["GET"]}}],"collection":[{"href":"https:\/\/linitiative.ca\/International\/wp-json\/wp\/v2\/posts"}],"about":[{"href":"https:\/\/linitiative.ca\/International\/wp-json\/wp\/v2\/types\/post"}],"author":[{"embeddable":true,"href":"https:\/\/linitiative.ca\/International\/wp-json\/wp\/v2\/users\/1742"}],"replies":[{"embeddable":true,"href":"https:\/\/linitiative.ca\/International\/wp-json\/wp\/v2\/comments?post=68407"}],"version-history":[{"count":0,"href":"https:\/\/linitiative.ca\/International\/wp-json\/wp\/v2\/posts\/68407\/revisions"}],"wp:attachment":[{"href":"https:\/\/linitiative.ca\/International\/wp-json\/wp\/v2\/media?parent=68407"}],"wp:term":[{"taxonomy":"category","embeddable":true,"href":"https:\/\/linitiative.ca\/International\/wp-json\/wp\/v2\/categories?post=68407"},{"taxonomy":"post_tag","embeddable":true,"href":"https:\/\/linitiative.ca\/International\/wp-json\/wp\/v2\/tags?post=68407"}],"curies":[{"name":"wp","href":"https:\/\/api.w.org\/{rel}","templated":true}]}}