{"id":68408,"date":"2019-11-24T11:43:00","date_gmt":"2019-11-24T16:43:00","guid":{"rendered":"https:\/\/linitiative.ca\/International\/mandat-depot-pour-fouad-aouicher-liberte-provisoire-pour-saida-deffeur\/"},"modified":"2019-11-24T11:43:00","modified_gmt":"2019-11-24T16:43:00","slug":"mandat-depot-pour-fouad-aouicher-liberte-provisoire-pour-saida-deffeur","status":"publish","type":"post","link":"https:\/\/linitiative.ca\/International\/mandat-depot-pour-fouad-aouicher-liberte-provisoire-pour-saida-deffeur\/","title":{"rendered":"Mandat d\u00e9p\u00f4t pour Fouad Aouicher,  libert\u00e9 provisoire pour Sa\u00efda Deffeur"},"content":{"rendered":"<div id=\"originalText\" readability=\"85\">\n<p>Le militant de l\u2019association Rassemblement actions jeunesse (RAJ), Fouad Ouicher,\u00a0 a \u00e9t\u00e9 mis, ce dimanche, sous mandat de d\u00e9p\u00f4t par le tribunal de Sidi M\u2019hamed, pour \u00ab atteinte \u00e0 l&rsquo;unit\u00e9 nationale \u00bb, a annonc\u00e9 l\u2019ONG sur sa page Facebook. Quant \u00e0 Saida Deffeur, militante dans la m\u00eame association, elle a \u00e9t\u00e9 mise sous contr\u00f4le judiciaire par le juge d\u2019instruction, pour le m\u00eame chef d\u2019inculpation.<\/p>\n<p>Il est \u00e0 noter que le collectif d&rsquo;avocat a d\u00e9cid\u00e9 de boycotter la s\u00e9ance de pr\u00e9sentation des deux accus\u00e9s devant le juge d&rsquo;instruction.<\/p>\n<p>Pour rappel, ces deux militants ont \u00e9t\u00e9 arr\u00eat\u00e9s par des policiers en civil, le vendredi 22 novembre, pr\u00e8s du si\u00e8ge de l&rsquo;association \u00e0 Alger, alors que huit autres membres de RAJ sont plac\u00e9s, , en d\u00e9tention provisoire \u00e0 la prison d&rsquo;El Harrach, dont le pr\u00e9sident de l&rsquo;association Abdelouahab Fersaoui.<\/p>\n<p>Parall\u00e8lement, la militante Rym Kadri a \u00e9t\u00e9 arr\u00eat\u00e9e dans un rassemblement devant le tribunal de Biskra, en soutien au d\u00e9tenu Younes Baba Hamou. Tandis que 20 autres personnes ont \u00e9t\u00e9 pr\u00e9sent\u00e9es devant le juge du tribunal de Ouargla, apr\u00e8s avoir \u00e9t\u00e9 pr\u00e9sent\u00e9s ce matin devant le procureur g\u00e9n\u00e9ral. Il s\u2019agit de : Ali Debbache, Nadjib Ziane, Ahmed Ben Alia, Nacer Ziani, Ramzi Hezaimia, Ahmed Khrachi, Anes Saker, Ahmed Khouni, Hocine Aloui, Fouad Dehha, Tarek Zekiri, Seif Era\u00efs, Mohamed Ben Semina, Far\u00e8s Dhif, Tahar Mebarki, Samir Ben Saleh, Abd El Baria, Abd El Hakim Merdef, Amir Kherrachi et Okba Mebarki.<\/p>\n<p class=\"c6\"><strong>R\u00e9daction Web<\/strong><\/p>\n<\/div>\n<div id=\"text_core\" readability=\"85\">\n<p>Le militant de l\u2019association Rassemblement actions jeunesse (RAJ), Fouad Ouicher,\u00a0 a \u00e9t\u00e9 mis, ce dimanche, sous mandat de d\u00e9p\u00f4t par le tribunal de Sidi M\u2019hamed, pour \u00ab atteinte \u00e0 l&rsquo;unit\u00e9 nationale \u00bb, a annonc\u00e9 l\u2019ONG sur sa page Facebook. Quant \u00e0 Saida Deffeur, militante dans la m\u00eame association, elle a \u00e9t\u00e9 mise sous contr\u00f4le judiciaire par le juge d\u2019instruction, pour le m\u00eame chef d\u2019inculpation.<\/p>\n<p>Il est \u00e0 noter que le collectif d&rsquo;avocat a d\u00e9cid\u00e9 de boycotter la s\u00e9ance de pr\u00e9sentation des deux accus\u00e9s devant le juge d&rsquo;instruction.<\/p>\n<p>Pour rappel, ces deux militants ont \u00e9t\u00e9 arr\u00eat\u00e9s par des policiers en civil, le vendredi 22 novembre, pr\u00e8s du si\u00e8ge de l&rsquo;association \u00e0 Alger, alors que huit autres membres de RAJ sont plac\u00e9s, , en d\u00e9tention provisoire \u00e0 la prison d&rsquo;El Harrach, dont le pr\u00e9sident de l&rsquo;association Abdelouahab Fersaoui.<\/p>\n<p>Parall\u00e8lement, la militante Rym Kadri a \u00e9t\u00e9 arr\u00eat\u00e9e dans un rassemblement devant le tribunal de Biskra, en soutien au d\u00e9tenu Younes Baba Hamou. Tandis que 20 autres personnes ont \u00e9t\u00e9 pr\u00e9sent\u00e9es devant le juge du tribunal de Ouargla, apr\u00e8s avoir \u00e9t\u00e9 pr\u00e9sent\u00e9s ce matin devant le procureur g\u00e9n\u00e9ral. Il s\u2019agit de : Ali Debbache, Nadjib Ziane, Ahmed Ben Alia, Nacer Ziani, Ramzi Hezaimia, Ahmed Khrachi, Anes Saker, Ahmed Khouni, Hocine Aloui, Fouad Dehha, Tarek Zekiri, Seif Era\u00efs, Mohamed Ben Semina, Far\u00e8s Dhif, Tahar Mebarki, Samir Ben Saleh, Abd El Baria, Abd El Hakim Merdef, Amir Kherrachi et Okba Mebarki.<\/p>\n<p class=\"c6\"><strong>R\u00e9daction Web<\/strong><\/p>\n<\/div>\n<p>Auteur:<br \/>\n<a href=\"https:\/\/www.liberte-algerie.com\/actualite\/mandat-depot-pour-fouad-aouicher-liberte-provisoire-pour-saida-deffeur-328740\">Cliquez ici pour lire l&rsquo;article depuis sa source.<\/a><\/p>\n","protected":false},"excerpt":{"rendered":"<p>Le militant de l\u2019association Rassemblement actions jeunesse (RAJ), Fouad Ouicher,\u00a0 a \u00e9t\u00e9 mis, ce dimanche, sous mandat de d\u00e9p\u00f4t par le tribunal de Sidi M\u2019hamed, pour \u00ab atteinte \u00e0 l&rsquo;unit\u00e9 nationale \u00bb, a annonc\u00e9 l\u2019ONG sur sa page Facebook. Quant \u00e0 Saida Deffeur, militante dans la m\u00eame association, elle a \u00e9t\u00e9 mise sous contr\u00f4le judiciaire [&hellip;]<\/p>\n","protected":false},"author":1742,"featured_media":0,"comment_status":"closed","ping_status":"closed","sticky":false,"template":"","format":"standard","meta":{"fifu_image_url":"","fifu_image_alt":"","footnotes":""},"categories":[73,53],"tags":[],"class_list":["post-68408","post","type-post","status-publish","format-standard","hentry","category-actualite","category-algerie"],"_links":{"self":[{"href":"https:\/\/linitiative.ca\/International\/wp-json\/wp\/v2\/posts\/68408","targetHints":{"allow":["GET"]}}],"collection":[{"href":"https:\/\/linitiative.ca\/International\/wp-json\/wp\/v2\/posts"}],"about":[{"href":"https:\/\/linitiative.ca\/International\/wp-json\/wp\/v2\/types\/post"}],"author":[{"embeddable":true,"href":"https:\/\/linitiative.ca\/International\/wp-json\/wp\/v2\/users\/1742"}],"replies":[{"embeddable":true,"href":"https:\/\/linitiative.ca\/International\/wp-json\/wp\/v2\/comments?post=68408"}],"version-history":[{"count":0,"href":"https:\/\/linitiative.ca\/International\/wp-json\/wp\/v2\/posts\/68408\/revisions"}],"wp:attachment":[{"href":"https:\/\/linitiative.ca\/International\/wp-json\/wp\/v2\/media?parent=68408"}],"wp:term":[{"taxonomy":"category","embeddable":true,"href":"https:\/\/linitiative.ca\/International\/wp-json\/wp\/v2\/categories?post=68408"},{"taxonomy":"post_tag","embeddable":true,"href":"https:\/\/linitiative.ca\/International\/wp-json\/wp\/v2\/tags?post=68408"}],"curies":[{"name":"wp","href":"https:\/\/api.w.org\/{rel}","templated":true}]}}