{"id":68410,"date":"2019-11-23T15:52:04","date_gmt":"2019-11-23T20:52:04","guid":{"rendered":"https:\/\/linitiative.ca\/International\/coupe-mohammed-vi-locs-passe-en-%c2%bc-de-finale\/"},"modified":"2019-11-23T15:52:04","modified_gmt":"2019-11-23T20:52:04","slug":"coupe-mohammed-vi-locs-passe-en-%c2%bc-de-finale","status":"publish","type":"post","link":"https:\/\/linitiative.ca\/International\/coupe-mohammed-vi-locs-passe-en-%c2%bc-de-finale\/","title":{"rendered":"Coupe Mohammed VI: L\u2019OCS passe en \u00bc de finale"},"content":{"rendered":"<div readability=\"33\">\n<p>Tunis \u2013 L\u2019Olympique de Safi s\u2019est qualifi\u00e9 pour les quarts de finale de la Coupe Mohammed VI des clubs champions en battant l\u2019Esp\u00e9rance ST lors d\u2019un match disput\u00e9 samedi \u00e0 Rad\u00e8s.<\/p>\n<\/div>\n<div readability=\"100\">\n<p>L\u2019Olympique de Safi a d\u00e9croch\u00e9 son billet de qualification en \u00e9liminant l\u2019Esp\u00e9rance ST aux tirs au but (2-4), en huiti\u00e8mes de final retour de la coupe arabe des clubs champions de football.<\/p>\n<p>Lors du temps r\u00e8glementaire, les deux \u00e9quipes n\u2019ont pu se d\u00e9partager (1-1). Les buts ont \u00e9t\u00e9 inscrits par Abdelghani Mouaoui (20) pour l\u2019Olympique de Safi et Kouam\u00e9 Bonsu (53) pour l\u2019Esp\u00e9rance ST.<\/p>\n<p>Au match aller, les deux \u00e9quipes avaient fait match nul (1-1).<\/p>\n<p>Dans une d\u00e9claration \u00e0 la presse, l\u2019entraineur de l\u2019Olympique de Safi, Mohamed El Guisser, a qualifi\u00e9 d\u2019historique cet exploit.<\/p>\n<p>\u00ab\u00a0C\u2019est une qualification historique que nous d\u00e9dions \u00e0 nos supporters, ainsi qu\u2019\u00e0 l\u2019ensemble des Marocains\u00a0\u00bb, a-t-il dit. Et d\u2019ajouter : \u00ab\u00a0Nous savions d\u2019embl\u00e9e que la confrontation contre l\u2019esp\u00e9rance sportive de Tunis, champion d\u2019Afrique en titre, sera difficile et qu\u2019apr\u00e8s le nul conc\u00e9d\u00e9 \u00e0 l\u2019aller, la qualification reste tributaire d\u2019au moins un but marqu\u00e9 \u00e0 Rades\u00a0\u00bb.<\/p>\n<p>Il a expliqu\u00e9 que \u00ab\u00a0pour ce faire, nous avons \u00e9labor\u00e9 un sc\u00e9nario qui nous permettrait de r\u00e9aliser cet objectif\u00a0\u00bb, relevant que son \u00e9quipe a r\u00e9ussi \u00e0 mettre un premier but qui a mis les joueurs en confiance.<\/p>\n<p>El Guisser a indiqu\u00e9 que les sangs et or ont r\u00e9ussi \u00e0 \u00e9galiser, mais les joueurs safiots sont rest\u00e9s concentr\u00e9s et parvenus \u00e0 conserver le score d\u2019\u00e9galit\u00e9 jusqu\u2019au sifflet final.<\/p>\n<p>Pour sa part, Mouine Chaabani, entra\u00eeneur de l\u2019Esp\u00e9rance de Tunis s\u2019est d\u00e9clar\u00e9 \u00ab\u00a0d\u00e9\u00e7u\u00a0\u00bb pour cette \u00e9limination.<\/p>\n<p>\u00ab\u00a0C\u2019est une grande d\u00e9ception pour nous d\u2019\u00eatre \u00e9limin\u00e9s sit\u00f4t de la comp\u00e9tition qui faisait partie de nos principaux objectifs de la saison\u00a0\u00bb, a-t-il regrett\u00e9.<\/p>\n<p>Il a relev\u00e9 que lors des manchs aller et retour, les joueurs esp\u00e9rantistes n\u2019ont \u00e9pargn\u00e9 aucun effort.<\/p>\n<p>\u00ab\u00a0Nous ne m\u00e9ritions pas d\u2019\u00eatre \u00e9limin\u00e9s\u00a0\u00bb, a-t-il dit, soulignant que maintenant, il n\u2019y a plus de temps \u00e0 perdre sachant que durant les deux semaines \u00e0 venir l\u2019esp\u00e9rance ST devra disputer deux matchs importants dans le cadre de la ligue des champions africaine, avant d\u2019attaquer la campagne du mondial des clubs.<\/p>\n<p>\u00ab\u00a0Le travail \u00e0 venir sera facilit\u00e9 sur l\u2019aspect psychologique en esp\u00e9rant pouvoir r\u00e9cup\u00e9rer certains de nos \u00e9l\u00e9ments cl\u00e9s dans les jours \u00e0 venir\u00a0\u00bb, a-t-il dit.<\/p>\n<p>Avec cette victoire, L\u2019Olympique de Safi rejoint ainsi en quarts de finale le Raja de Casablanca et les clubs saoudiens Al-Chabab et Al Ittihad qui ont \u00e9limin\u00e9 respectivement le Wydad de Casablanca, \u00ab\u00a0Chabab Al Ordon\u00a0\u00bb de Jordanie et \u00ab\u00a0Al Wasl\u00a0\u00bb des Emirats.<\/p>\n<\/div>\n<p>Auteur: Meriem IGASS<br \/>\n<a href=\"http:\/\/www.mapmarrakech.ma\/fr\/safi-2\/\">Cliquez ici pour lire l&rsquo;article depuis sa source.<\/a><\/p>\n","protected":false},"excerpt":{"rendered":"<p>Tunis \u2013 L\u2019Olympique de Safi s\u2019est qualifi\u00e9 pour les quarts de finale de la Coupe Mohammed VI des clubs champions en battant l\u2019Esp\u00e9rance ST lors d\u2019un match disput\u00e9 samedi \u00e0 Rad\u00e8s. L\u2019Olympique de Safi a d\u00e9croch\u00e9 son billet de qualification en \u00e9liminant l\u2019Esp\u00e9rance ST aux tirs au but (2-4), en huiti\u00e8mes de final retour de [&hellip;]<\/p>\n","protected":false},"author":1788,"featured_media":0,"comment_status":"closed","ping_status":"closed","sticky":false,"template":"","format":"standard","meta":{"fifu_image_url":"","fifu_image_alt":"","footnotes":""},"categories":[54,76],"tags":[],"class_list":["post-68410","post","type-post","status-publish","format-standard","hentry","category-maroc","category-regions"],"_links":{"self":[{"href":"https:\/\/linitiative.ca\/International\/wp-json\/wp\/v2\/posts\/68410","targetHints":{"allow":["GET"]}}],"collection":[{"href":"https:\/\/linitiative.ca\/International\/wp-json\/wp\/v2\/posts"}],"about":[{"href":"https:\/\/linitiative.ca\/International\/wp-json\/wp\/v2\/types\/post"}],"author":[{"embeddable":true,"href":"https:\/\/linitiative.ca\/International\/wp-json\/wp\/v2\/users\/1788"}],"replies":[{"embeddable":true,"href":"https:\/\/linitiative.ca\/International\/wp-json\/wp\/v2\/comments?post=68410"}],"version-history":[{"count":0,"href":"https:\/\/linitiative.ca\/International\/wp-json\/wp\/v2\/posts\/68410\/revisions"}],"wp:attachment":[{"href":"https:\/\/linitiative.ca\/International\/wp-json\/wp\/v2\/media?parent=68410"}],"wp:term":[{"taxonomy":"category","embeddable":true,"href":"https:\/\/linitiative.ca\/International\/wp-json\/wp\/v2\/categories?post=68410"},{"taxonomy":"post_tag","embeddable":true,"href":"https:\/\/linitiative.ca\/International\/wp-json\/wp\/v2\/tags?post=68410"}],"curies":[{"name":"wp","href":"https:\/\/api.w.org\/{rel}","templated":true}]}}