{"id":68411,"date":"2019-11-23T16:57:52","date_gmt":"2019-11-23T21:57:52","guid":{"rendered":"https:\/\/linitiative.ca\/International\/enfance-le-pacte-enclenche-une-disruption-dans-la-gestion\/"},"modified":"2019-11-23T16:57:52","modified_gmt":"2019-11-23T21:57:52","slug":"enfance-le-pacte-enclenche-une-disruption-dans-la-gestion","status":"publish","type":"post","link":"https:\/\/linitiative.ca\/International\/enfance-le-pacte-enclenche-une-disruption-dans-la-gestion\/","title":{"rendered":"Enfance: Le Pacte enclenche une disruption dans la gestion"},"content":{"rendered":"<div readability=\"38\">\n<p>Marrakech- Le Pacte national pour l\u2019enfance \u00e0 l\u2019horizon 2030 \u00ab\u00a0enclenche une disruption dans les m\u00e9thodes de gestion des questions de l\u2019enfance\u00a0\u00bb, a affirm\u00e9, samedi \u00e0 Marrakech, la Directrice Ex\u00e9cutive de l\u2019Observatoire National Des Droits de l\u2019Enfant (ONDE), Mme Lamia Bazir.<\/p>\n<\/div>\n<div readability=\"143\">\n<p>\u00ab\u00a0Aujourd\u2019hui et devant Votre Altesse Royale, le Gouvernement du Maroc, le Parlement, la soci\u00e9t\u00e9 civile et le secteur priv\u00e9 s\u2019engagent dans le cadre d\u2019un pacte national pour l\u2019enfance \u00e0 l\u2019horizon 2030. Ce Pacte ne constitue pas seulement une feuille de route mais il enclenche une disruption dans les m\u00e9thodes de gestion des questions de l\u2019enfance\u00a0\u00bb, a soulign\u00e9 Mme Bazir dans une allocution prononc\u00e9e devant SAR la Princesse Lalla Meryem, Pr\u00e9sidente de l\u2019Observatoire National des Droits de l\u2019Enfant, lors de la c\u00e9r\u00e9monie de cl\u00f4ture de la 16\u00e8me \u00e9dition du Congr\u00e8s National des Droits de l\u2019Enfant qui co\u00efncide avec la c\u00e9l\u00e9bration du 30\u00e8me anniversaire de la Convention Internationale des Droits de l\u2019Enfant (CIDE).<\/p>\n<p>Ce Pacte National inclut des engagements op\u00e9rationnels de chaque acteur et promeut de nouveaux outils de gouvernance et de gestion ax\u00e9es sur les r\u00e9sultats, a-t-elle soutenu, pr\u00e9cisant qu\u2019il est d\u00e9clin\u00e9 autour de sept piliers.<\/p>\n<p>Sur le plan culturel, Mme Bazir a mis en avant la promotion d\u2019une nouvelle perception de l\u2019enfant, chez l\u2019Etat et le citoyen, pour ancrer la valeur de l\u2019enfant dans la conscience collective et l\u2019\u00e9riger en priorit\u00e9 et en richesse nationale.<\/p>\n<p>Au niveau institutionnel, elle a mis l\u2019accent sur l\u2019am\u00e9lioration de la gouvernance du secteur de l\u2019enfance, soulignant qu\u2019\u00a0\u00bbune nouvelle logique bas\u00e9e sur la transparence, l\u2019alignement, la coordination, la capitalisation et la mise en convergence s\u2019imposent pour optimiser l\u2019effort public, civil et international, et \u00e9viter la dispersion des efforts de l\u2019impact\u00a0\u00bb.<\/p>\n<p>Dans ce cadre, une plateforme de coordination et un budget sensible \u00e0 l\u2019enfant seront mis en place, a fait savoir la Directrice Ex\u00e9cutive de l\u2019ONDE.<\/p>\n<p>Au niveau du suivi-\u00e9valuation, elle a indiqu\u00e9 que la mise en place au sein de l\u2019ONDE d\u2019un observatoire de l\u2019enfance en tant que dispositif de veille et suivi-\u00e9valuation permettra de r\u00e9pertorier l\u2019ensemble des intervenants et programmes ciblant l\u2019enfance au Maroc, mais aussi de suivre de fa\u00e7on continue la situation de l\u2019enfance et de promouvoir une prise de d\u00e9cision bas\u00e9e sur l\u2019\u00e9vidence et ax\u00e9e sur les r\u00e9sultats.<\/p>\n<p>Sur le plan d\u00e9cisionnel, a-t-elle poursuivi, la participation des enfants \u00e0 la prise de d\u00e9cision est non seulement un droit mais une valeur ajout\u00e9e incommensurable pour toute nation, relevant que le Parlement du Royaume s\u2019engage \u00e0 impliquer et consulter syst\u00e9matiquement le parlement de l\u2019enfant pour toute l\u00e9gislation le concernant.<\/p>\n<p>Sur le plan infrastructurel et qualitatif, Mme Bazir, tout en rappelant que la sant\u00e9 et l\u2019\u00e9ducation sont au fondement de l\u2019\u00e9galit\u00e9 des chances entre tous les enfants, a affirm\u00e9 que le Gouvernement s\u2019engage \u00e0 am\u00e9liorer l\u2019acc\u00e8s, l\u2019inclusivit\u00e9 et la qualit\u00e9 des services publics de sant\u00e9 et d\u2019\u00e9ducation permettant la r\u00e9duction des disparit\u00e9s socio-spatiales, avec un focus particulier sur la petite enfance et le monde rural.<\/p>\n<p>Au niveau l\u00e9gislatif et judiciaire, elle a not\u00e9 que l\u2019assise juridique sera renforc\u00e9e pour consolider les dispositifs de protection alternative pour les enfants priv\u00e9s de famille et en situation difficile, ajoutant que des programmes et des formations seront dispens\u00e9s dans les tribunaux pour ancrer l\u2019int\u00e9r\u00eat sup\u00e9rieur de l\u2019enfant dans la pratique judiciaire.<\/p>\n<p>Sur le plan programmatique et territorial, elle a soutenu que le comit\u00e9 interminist\u00e9riel s\u2019engage \u00e0 acc\u00e9l\u00e9rer la mise en oeuvre de la Politique Publique Int\u00e9gr\u00e9e de la Protection de l\u2019Enfance au Maroc (PPIPEM) et la concr\u00e9tisation effective des dispositifs territoriaux de protection de l\u2019enfance avec Rabat comme site pilote.<\/p>\n<p>Dans ce cadre, a-t-elle fait remarquer, l\u2019initiative panafricaine pour des villes sans enfants en situation de rue, qui promeut une protection au niveau des territoires, progressera avec la diffusion de la boite \u00e0 outils pr\u00e9par\u00e9e par l\u2019ONDE.<\/p>\n<p>Elle a, d\u2019autre part, rappel\u00e9 que le Congr\u00e8s national des droits de l\u2019enfant a r\u00e9uni durant quatre jours les forces vives du pays, pr\u00e9cisant qu\u2019enfants, ministres, responsables, experts, acteurs associatifs, invit\u00e9s internationaux et onusiens, soit 3.000 participants ont pris part \u00e0 ces travaux.<\/p>\n<p>\u00ab\u00a0Cette grand-messe a \u00e9t\u00e9 un moment de r\u00e9flexion et d\u2019auto-\u00e9valuation, de bilan et de disruption. Un temps d\u2019arr\u00eat, de recul et de courage pour dresser le bilan de la situation de l\u2019enfance au Maroc, honorer l\u2019histoire, valoriser les acquis, mais aussi identifier les d\u00e9fis actuels avec confiance et construire l\u2019avenir avec optimisme, courage et perspicacit\u00e9\u00a0\u00bb, a-t-elle conclu.<\/p>\n<\/div>\n<p>Auteur: Meriem IGASS<br \/>\n<a href=\"http:\/\/www.mapmarrakech.ma\/fr\/enfance-4\/\">Cliquez ici pour lire l&rsquo;article depuis sa source.<\/a><\/p>\n","protected":false},"excerpt":{"rendered":"<p>Marrakech- Le Pacte national pour l\u2019enfance \u00e0 l\u2019horizon 2030 \u00ab\u00a0enclenche une disruption dans les m\u00e9thodes de gestion des questions de l\u2019enfance\u00a0\u00bb, a affirm\u00e9, samedi \u00e0 Marrakech, la Directrice Ex\u00e9cutive de l\u2019Observatoire National Des Droits de l\u2019Enfant (ONDE), Mme Lamia Bazir. \u00ab\u00a0Aujourd\u2019hui et devant Votre Altesse Royale, le Gouvernement du Maroc, le Parlement, la soci\u00e9t\u00e9 civile [&hellip;]<\/p>\n","protected":false},"author":1788,"featured_media":0,"comment_status":"closed","ping_status":"closed","sticky":false,"template":"","format":"standard","meta":{"fifu_image_url":"","fifu_image_alt":"","footnotes":""},"categories":[54,76],"tags":[],"class_list":["post-68411","post","type-post","status-publish","format-standard","hentry","category-maroc","category-regions"],"_links":{"self":[{"href":"https:\/\/linitiative.ca\/International\/wp-json\/wp\/v2\/posts\/68411","targetHints":{"allow":["GET"]}}],"collection":[{"href":"https:\/\/linitiative.ca\/International\/wp-json\/wp\/v2\/posts"}],"about":[{"href":"https:\/\/linitiative.ca\/International\/wp-json\/wp\/v2\/types\/post"}],"author":[{"embeddable":true,"href":"https:\/\/linitiative.ca\/International\/wp-json\/wp\/v2\/users\/1788"}],"replies":[{"embeddable":true,"href":"https:\/\/linitiative.ca\/International\/wp-json\/wp\/v2\/comments?post=68411"}],"version-history":[{"count":0,"href":"https:\/\/linitiative.ca\/International\/wp-json\/wp\/v2\/posts\/68411\/revisions"}],"wp:attachment":[{"href":"https:\/\/linitiative.ca\/International\/wp-json\/wp\/v2\/media?parent=68411"}],"wp:term":[{"taxonomy":"category","embeddable":true,"href":"https:\/\/linitiative.ca\/International\/wp-json\/wp\/v2\/categories?post=68411"},{"taxonomy":"post_tag","embeddable":true,"href":"https:\/\/linitiative.ca\/International\/wp-json\/wp\/v2\/tags?post=68411"}],"curies":[{"name":"wp","href":"https:\/\/api.w.org\/{rel}","templated":true}]}}