{"id":68412,"date":"2019-11-23T19:19:13","date_gmt":"2019-11-24T00:19:13","guid":{"rendered":"https:\/\/linitiative.ca\/International\/sar-la-princesse-lalla-meryem-preside-la-cloture-du-16e-congres-national-des-droits-de-lenfant\/"},"modified":"2019-11-23T19:19:13","modified_gmt":"2019-11-24T00:19:13","slug":"sar-la-princesse-lalla-meryem-preside-la-cloture-du-16e-congres-national-des-droits-de-lenfant","status":"publish","type":"post","link":"https:\/\/linitiative.ca\/International\/sar-la-princesse-lalla-meryem-preside-la-cloture-du-16e-congres-national-des-droits-de-lenfant\/","title":{"rendered":"SAR la Princesse Lalla Meryem pr\u00e9side la cl\u00f4ture du 16\u00e8 Congr\u00e8s National des Droits de l\u2019Enfant"},"content":{"rendered":"<p><iframe loading=\"lazy\" width=\"1170\" height=\"658\" src=\"https:\/\/www.youtube.com\/embed\/Qvvn45TawXM?feature=oembed\" frameborder=\"0\" allow=\"accelerometer; autoplay; encrypted-media; gyroscope; picture-in-picture\" allowfullscreen=\"\">[embedded content]<\/iframe><\/p>\n<div class=\"single-post-excerpt post-excerpt-bc\" readability=\"40\">\n<p>Son Altesse Royale la Princesse Lalla Meryem, Pr\u00e9sidente de l\u2019Observatoire National des Droits de l\u2019Enfant (ONDE), a pr\u00e9sid\u00e9, \u00e0 Marrakech, la c\u00e9r\u00e9monie de cl\u00f4ture de la 16-\u00e8me \u00e9dition du Congr\u00e8s National des Droits de l\u2019Enfant, qui co\u00efncide avec la c\u00e9l\u00e9bration du 30-\u00e8me anniversaire de la Convention Internationale des Droits de l\u2019Enfant (ONU).<\/p>\n<\/div>\n<p>Auteur: Meriem IGASS<br \/>\n<a href=\"http:\/\/www.mapmarrakech.ma\/fr\/sar-la-princesse-lalla-meryem-preside-la-cloture-du-16e-congres-national-des-droits-de-lenfant\/\">Cliquez ici pour lire l&rsquo;article depuis sa source.<\/a><\/p>\n","protected":false},"excerpt":{"rendered":"<p>[embedded content] Son Altesse Royale la Princesse Lalla Meryem, Pr\u00e9sidente de l\u2019Observatoire National des Droits de l\u2019Enfant (ONDE), a pr\u00e9sid\u00e9, \u00e0 Marrakech, la c\u00e9r\u00e9monie de cl\u00f4ture de la 16-\u00e8me \u00e9dition du Congr\u00e8s National des Droits de l\u2019Enfant, qui co\u00efncide avec la c\u00e9l\u00e9bration du 30-\u00e8me anniversaire de la Convention Internationale des Droits de l\u2019Enfant (ONU). Auteur: [&hellip;]<\/p>\n","protected":false},"author":1788,"featured_media":0,"comment_status":"closed","ping_status":"closed","sticky":false,"template":"","format":"standard","meta":{"fifu_image_url":"","fifu_image_alt":"","footnotes":""},"categories":[54,76],"tags":[],"class_list":["post-68412","post","type-post","status-publish","format-standard","hentry","category-maroc","category-regions"],"_links":{"self":[{"href":"https:\/\/linitiative.ca\/International\/wp-json\/wp\/v2\/posts\/68412","targetHints":{"allow":["GET"]}}],"collection":[{"href":"https:\/\/linitiative.ca\/International\/wp-json\/wp\/v2\/posts"}],"about":[{"href":"https:\/\/linitiative.ca\/International\/wp-json\/wp\/v2\/types\/post"}],"author":[{"embeddable":true,"href":"https:\/\/linitiative.ca\/International\/wp-json\/wp\/v2\/users\/1788"}],"replies":[{"embeddable":true,"href":"https:\/\/linitiative.ca\/International\/wp-json\/wp\/v2\/comments?post=68412"}],"version-history":[{"count":0,"href":"https:\/\/linitiative.ca\/International\/wp-json\/wp\/v2\/posts\/68412\/revisions"}],"wp:attachment":[{"href":"https:\/\/linitiative.ca\/International\/wp-json\/wp\/v2\/media?parent=68412"}],"wp:term":[{"taxonomy":"category","embeddable":true,"href":"https:\/\/linitiative.ca\/International\/wp-json\/wp\/v2\/categories?post=68412"},{"taxonomy":"post_tag","embeddable":true,"href":"https:\/\/linitiative.ca\/International\/wp-json\/wp\/v2\/tags?post=68412"}],"curies":[{"name":"wp","href":"https:\/\/api.w.org\/{rel}","templated":true}]}}