{"id":68413,"date":"2019-11-24T03:59:15","date_gmt":"2019-11-24T08:59:15","guid":{"rendered":"https:\/\/linitiative.ca\/International\/vision-royaleles-droits-de-lenfant-une-priorite-nationale\/"},"modified":"2019-11-24T03:59:15","modified_gmt":"2019-11-24T08:59:15","slug":"vision-royaleles-droits-de-lenfant-une-priorite-nationale","status":"publish","type":"post","link":"https:\/\/linitiative.ca\/International\/vision-royaleles-droits-de-lenfant-une-priorite-nationale\/","title":{"rendered":"Vision Royale:les droits de l\u2019enfant, une priorit\u00e9 nationale"},"content":{"rendered":"<div readability=\"40\">\n<p>Marrakech \u2013 Le Pr\u00e9sident du Conseil Ex\u00e9cutif de l\u2019UNICEF, M. Omar Hilale, a affirm\u00e9, samedi \u00e0 Marrakech, que la vision clairvoyante de Sa Majest\u00e9 le Roi Mohammed VI et l\u2019engagement personnel et r\u00e9solu de Son Altesse Royale la Princesse Lalla Meryem \u00ab\u00a0ont fait de la promotion et de la protection des droits de l\u2019enfant une priorit\u00e9 nationale et ce, bien avant l\u2019adoption de la Convention des droits de l\u2019Enfant\u00a0\u00bb.<\/p>\n<\/div>\n<div readability=\"148\">\n<p>\u00ab\u00a0Je suis venu porteur d\u2019un message de gratitude et de reconnaissance du Conseil Ex\u00e9cutif de l\u2019UNICEF \u00e0 Votre Altesse Royale pour Votre engagement constant en faveur de l\u2019action sociale et humanitaire et pour Votre d\u00e9vouement inlassable pour la d\u00e9fense des droits de l\u2019enfant. Ce qui a permis de transformer la vie de millions d\u2019enfants et de jeunes marocains\u00a0\u00bb, a soulign\u00e9 M. Hilale dans une allocution prononc\u00e9e devant SAR la Princesse Lalla Meryem, Pr\u00e9sidente de l\u2019Observatoire National des Droits de l\u2019Enfant (ONDE), lors de la c\u00e9r\u00e9monie de cl\u00f4ture de la 16\u00e8me \u00e9dition du Congr\u00e8s National des Droits de l\u2019Enfant qui co\u00efncide avec la c\u00e9l\u00e9bration du 30\u00e8me anniversaire de la Convention Internationale des Droits de l\u2019Enfant (CIDE).<\/p>\n<p>\u00ab\u00a0Votre sollicitude s\u2019est \u00e9largie r\u00e9cemment au Continent africain gr\u00e2ce \u00e0 Votre initiative Pour des villes africaines sans enfants en situation de rue\u00a0\u00bb, a-t-il soutenu.<\/p>\n<p>M. Hilale a aussi pr\u00e9cis\u00e9 que \u00ab\u00a0l\u2019Observatoire National des Droits de l\u2019Enfant, dont Votre Altesse Royale assure la Pr\u00e9sidence effective, est un v\u00e9ritable acc\u00e9l\u00e9rateur de la mise en \u0153uvre des engagements du Maroc dans le cadre de la Convention des droits de l\u2019enfant\u00a0\u00bb.<\/p>\n<p>Il a soulign\u00e9, en outre, que \u00ab\u00a0le Parlement de l\u2019enfant marocain est un mod\u00e8le de d\u00e9mocratie g\u00e9n\u00e9rationnelle, participative, inclusive et pr\u00e9paratoire du citoyen marocain de demain\u00a0\u00bb, affirmant que la d\u00e9signation de Son Altesse Royale Ambassadrice de bonne volont\u00e9 de l\u2019UNESCO, en reconnaissance de Son engagement \u00e0 la promotion de l\u2019\u00e9ducation des enfants, ainsi que le message vid\u00e9o de la Directrice Ex\u00e9cutive de l\u2019UNICEF, Mme Henrietta Fore, \u00e0 cette c\u00e9l\u00e9bration, \u00ab\u00a0consacrent le rayonnement humanitaire international de Votre Altesse Royale\u00a0\u00bb.<\/p>\n<p>\u00ab\u00a0Il y a trente ans, les dirigeants de la plan\u00e8te se sont unis autour d\u2019une noble cause : celle de b\u00e2tir ensemble un monde digne pour les enfants, et affirmer, prot\u00e9ger et promouvoir leurs droits. Cette alliance universelle en faveur des enfants rev\u00eat, aujourd\u2019hui, plus que jamais, toute sa pertinence et son importance\u00a0\u00bb, a-t-il rappel\u00e9.<\/p>\n<p>Dans ce sens, il a indiqu\u00e9 que l\u2019adoption unanime de la Convention sur les droits de l\u2019enfant a \u00ab\u00a0constitu\u00e9 un moment historique pour les Nations Unies\u00a0\u00bb et \u00ab\u00a0consacr\u00e9 les enfants non plus en tant qu\u2019objets de droit mais sujets de droit\u00a0\u00bb, ajoutant qu\u2019\u00a0\u00bbelle est devenue la pierre angulaire de la protection et de la promotion des droits de chaque enfant \u00e0 grandir, apprendre, s\u2019\u00e9panouir, faire entendre sa voix et atteindre son plein potentiel, sans discrimination ou exclusion aucunes\u00a0\u00bb.<\/p>\n<p>\u00ab\u00a0Si cette Convention a permis d\u2019am\u00e9liorer la situation des enfants dans bon nombre de pays, ils sont encore des millions \u00e0 subir des guerres, la pauvret\u00e9, les d\u00e9placements internes, l\u2019exploitation ou l\u2019enr\u00f4lement forc\u00e9 par les groupes arm\u00e9s. Bien plus, un enfant sur cinq dans le monde n\u2019a pas acc\u00e8s \u00e0 l\u2019\u00e9cole\u00a0\u00bb, a-t-il d\u00e9plor\u00e9.<\/p>\n<p>Aussi, a-t-il poursuivi, \u00ab\u00a0ce 30\u00e8me anniversaire est l\u2019occasion pour les Etats parties non seulement pour faire le bilan des progr\u00e8s accomplis, mais surtout d\u2019agir pour les enfants d\u2019aujourd\u2019hui qui seront les adultes de demain. D\u2019o\u00f9 l\u2019imp\u00e9ratif de conjuguer les efforts en vue d\u2019une pleine r\u00e9alisation des engagements pris en faveur des enfants dans la Convention\u00a0\u00bb.<\/p>\n<p>M. Hilale a aussi pr\u00e9cis\u00e9 que la mise en \u0153uvre pleine et effective des Objectifs du D\u00e9veloppement Durable permettra de relever les d\u00e9fis de l\u2019application des dispositions de la Convention, notamment la disposition cardinale de l\u2019Agenda 2030 de \u00ab\u00a0ne laisser personne pour compte plus particuli\u00e8rement, les enfants qui sont nos enfants\u00a0\u00bb.<\/p>\n<p>A cet effet, a-t-il encha\u00een\u00e9, les Gouvernements, les agences onusiennes, les organisations internationales, les donateurs, les ONG et la soci\u00e9t\u00e9 civile \u00ab\u00a0doivent conjuguer leurs efforts afin d\u2019atteindre ce noble objectif\u00a0\u00bb.<\/p>\n<p>\u00ab\u00a0Comme le recommande la Convention, il est fondamental d\u2019\u00e9couter la voix des enfants, comprendre leurs aspirations et prendre en consid\u00e9ration leurs pr\u00e9occupations, afin de leur assurer un avenir meilleur, pour eux et avec eux\u00a0\u00bb, a-t-il insist\u00e9.<\/p>\n<p>Il a, par ailleurs, not\u00e9 que les Etats membres des Nations Unies viennent de r\u00e9affirmer \u00e0 New York, mercredi dernier, \u00e0 l\u2019occasion du 30\u00e8me anniversaire de la Convention, \u00ab\u00a0leur d\u00e9termination r\u00e9solue pour que chaque enfant puisse jouir de l\u2019ensemble de ses droits et r\u00e9aliser ses r\u00eaves dans un univers de paix, d\u2019harmonie, de tol\u00e9rance et d\u2019esp\u00e9rance\u00a0\u00bb.<\/p>\n<p>\u00ab\u00a0L\u2019avenir de l\u2019Humanit\u00e9 d\u00e9pendra du monde que nous pr\u00e9parons aux enfants d\u2019aujourd\u2019hui, qui seront les adultes de demain\u00a0\u00bb, a-t-il conclu.<\/p>\n<\/div>\n<p>Auteur: Meriem IGASS<br \/>\n<a href=\"http:\/\/www.mapmarrakech.ma\/fr\/enfant-8\/\">Cliquez ici pour lire l&rsquo;article depuis sa source.<\/a><\/p>\n","protected":false},"excerpt":{"rendered":"<p>Marrakech \u2013 Le Pr\u00e9sident du Conseil Ex\u00e9cutif de l\u2019UNICEF, M. Omar Hilale, a affirm\u00e9, samedi \u00e0 Marrakech, que la vision clairvoyante de Sa Majest\u00e9 le Roi Mohammed VI et l\u2019engagement personnel et r\u00e9solu de Son Altesse Royale la Princesse Lalla Meryem \u00ab\u00a0ont fait de la promotion et de la protection des droits de l\u2019enfant une [&hellip;]<\/p>\n","protected":false},"author":1788,"featured_media":0,"comment_status":"closed","ping_status":"closed","sticky":false,"template":"","format":"standard","meta":{"fifu_image_url":"","fifu_image_alt":"","footnotes":""},"categories":[54,76],"tags":[],"class_list":["post-68413","post","type-post","status-publish","format-standard","hentry","category-maroc","category-regions"],"_links":{"self":[{"href":"https:\/\/linitiative.ca\/International\/wp-json\/wp\/v2\/posts\/68413","targetHints":{"allow":["GET"]}}],"collection":[{"href":"https:\/\/linitiative.ca\/International\/wp-json\/wp\/v2\/posts"}],"about":[{"href":"https:\/\/linitiative.ca\/International\/wp-json\/wp\/v2\/types\/post"}],"author":[{"embeddable":true,"href":"https:\/\/linitiative.ca\/International\/wp-json\/wp\/v2\/users\/1788"}],"replies":[{"embeddable":true,"href":"https:\/\/linitiative.ca\/International\/wp-json\/wp\/v2\/comments?post=68413"}],"version-history":[{"count":0,"href":"https:\/\/linitiative.ca\/International\/wp-json\/wp\/v2\/posts\/68413\/revisions"}],"wp:attachment":[{"href":"https:\/\/linitiative.ca\/International\/wp-json\/wp\/v2\/media?parent=68413"}],"wp:term":[{"taxonomy":"category","embeddable":true,"href":"https:\/\/linitiative.ca\/International\/wp-json\/wp\/v2\/categories?post=68413"},{"taxonomy":"post_tag","embeddable":true,"href":"https:\/\/linitiative.ca\/International\/wp-json\/wp\/v2\/tags?post=68413"}],"curies":[{"name":"wp","href":"https:\/\/api.w.org\/{rel}","templated":true}]}}