{"id":68415,"date":"2019-11-24T09:01:57","date_gmt":"2019-11-24T14:01:57","guid":{"rendered":"https:\/\/linitiative.ca\/International\/oran-seminaire-international-sur-la-formation-des-formateurs\/"},"modified":"2019-11-24T09:01:57","modified_gmt":"2019-11-24T14:01:57","slug":"oran-seminaire-international-sur-la-formation-des-formateurs","status":"publish","type":"post","link":"https:\/\/linitiative.ca\/International\/oran-seminaire-international-sur-la-formation-des-formateurs\/","title":{"rendered":"Oran:\u00a0s\u00e9minaire international sur la formation des formateurs"},"content":{"rendered":"<div readability=\"34\">\n<p><strong>ORAN- Les travaux du s\u00e9minaire international sur\u00a0 \u00ab\u00a0l\u2019\u00e9ducation et la formation des formateurs \u00e0 l\u2019\u00e8re du num\u00e9rique et des TIC\u00a0\u00bb ont d\u00e9but\u00e9 dimanche \u00e0 l\u2019universit\u00e9 d\u2019Oran 1 \u00ab\u00a0Ahmed Benbella\u00a0\u00bb.<\/strong><\/p>\n<\/div>\n<div readability=\"71\">\n<p>La 8e rencontre internationale du r\u00e9seau international des \u00e9tablissements de formation des formateurs enregistre la pr\u00e9sence de 140 chercheurs et acad\u00e9miciens de diff\u00e9rentes universit\u00e9s du pays ainsi que de repr\u00e9sentants d\u2019entreprises et institutions activant dans le domaine de l\u2019\u00e9ducation et de la formation de 27 pays d\u2019Europe, d\u2019Afrique, du monde arabe et du Canada.<\/p>\n<blockquote readability=\"13\">\n<p><em><strong>Dans son intervention d\u2019ouverture des travaux, le recteur de l\u2019universit\u00e9 Oran 1, le professeur Abdelbaki Benziane, a soulign\u00e9 que cette rencontre est une opportunit\u00e9 pour approfondir la recherche dans les m\u00e9thodes d\u2019enseignement, des moyens p\u00e9dagogiques, de la contribution du num\u00e9rique dans la formation ainsi que les syst\u00e8mes d\u2019\u00e9valuation en vue de leur modernisation.<\/strong><\/em><\/p>\n<\/blockquote>\n<p>Le m\u00eame intervenant a soulign\u00e9 que ce s\u00e9minaire permettra l\u2019\u00e9change d\u2019id\u00e9es et d\u2019exp\u00e9riences en mati\u00e8re de formation des formateurs, v\u00e9ritable enjeu actuel pour faire face au manque des personnels comme il devra r\u00e9pondre aux attentes de modernisation et des enjeux actuels et future.<\/p>\n<blockquote readability=\"9\">\n<p><em><strong>Par ailleurs, il a insist\u00e9 sur la volont\u00e9 et la d\u00e9termination de l\u2019universit\u00e9 d\u2019Oran 1 et du r\u00e9seau international des \u00e9tablissements de formation des formateurs \u00e0 promouvoir la recherche dans le domaine de l\u2019\u00e9ducation, \u00e0 d\u00e9velopper la formation de base et continue des formateurs.<\/strong><\/em><\/p>\n<\/blockquote>\n<p>L\u2019assistance a suivi, au d\u00e9but du s\u00e9minaire, une intervention du chercheur Thierry Karsenti de l\u2019universit\u00e9 de Montr\u00e9al (Canada) sur \u00ab\u00a0la performance num\u00e9rique : n\u00e9cessit\u00e9 \u00e0 tous les enseignants\u00a0\u00bb, dans laquelle il a mis en exergue l\u2019importance de relever le niveau de comp\u00e9tence des enseignants<\/p>\n<p>dans le domaine du num\u00e9rique pour am\u00e9liorer leur prestation p\u00e9dagogique et professionnelle.<\/p>\n<p>Les travaux du s\u00e9minaire se sont poursuivis au niveau de sept ateliers d\u00e9di\u00e9s \u00e0 plusieurs th\u00e9matiques dont \u00ab\u00a0la formation de base et continue des enseignants\u00a0\u00bb, \u00ab\u00a0l&rsquo;approche p\u00e9dagogique de l\u2019innovation et des comp\u00e9tences\u00a0\u00bb, \u00ab\u00a0les enjeux culturels du syst\u00e8me \u00e9ducatif\u00a0\u00bb et \u00ab\u00a0le d\u00e9veloppement durable\u00a0\u00bb.<\/p>\n<p>Le s\u00e9minaire est organis\u00e9 par l\u2019universit\u00e9 d\u2019Oran 1 en collaboration avec l\u2019universit\u00e9 de Montr\u00e9al (Canada), rappelle-t-on.<\/p>\n<\/div>\n<p>Auteur:<br \/>\n<a href=\"http:\/\/www.aps.dz\/regions\/97947-oran-seminaire-international-sur-la-formation-des-formateurs\">Cliquez ici pour lire l&rsquo;article depuis sa source.<\/a><\/p>\n","protected":false},"excerpt":{"rendered":"<p>ORAN- Les travaux du s\u00e9minaire international sur\u00a0 \u00ab\u00a0l\u2019\u00e9ducation et la formation des formateurs \u00e0 l\u2019\u00e8re du num\u00e9rique et des TIC\u00a0\u00bb ont d\u00e9but\u00e9 dimanche \u00e0 l\u2019universit\u00e9 d\u2019Oran 1 \u00ab\u00a0Ahmed Benbella\u00a0\u00bb. La 8e rencontre internationale du r\u00e9seau international des \u00e9tablissements de formation des formateurs enregistre la pr\u00e9sence de 140 chercheurs et acad\u00e9miciens de diff\u00e9rentes universit\u00e9s du pays [&hellip;]<\/p>\n","protected":false},"author":1790,"featured_media":0,"comment_status":"closed","ping_status":"closed","sticky":false,"template":"","format":"standard","meta":{"fifu_image_url":"","fifu_image_alt":"","footnotes":""},"categories":[53,76],"tags":[],"class_list":["post-68415","post","type-post","status-publish","format-standard","hentry","category-algerie","category-regions"],"_links":{"self":[{"href":"https:\/\/linitiative.ca\/International\/wp-json\/wp\/v2\/posts\/68415","targetHints":{"allow":["GET"]}}],"collection":[{"href":"https:\/\/linitiative.ca\/International\/wp-json\/wp\/v2\/posts"}],"about":[{"href":"https:\/\/linitiative.ca\/International\/wp-json\/wp\/v2\/types\/post"}],"author":[{"embeddable":true,"href":"https:\/\/linitiative.ca\/International\/wp-json\/wp\/v2\/users\/1790"}],"replies":[{"embeddable":true,"href":"https:\/\/linitiative.ca\/International\/wp-json\/wp\/v2\/comments?post=68415"}],"version-history":[{"count":0,"href":"https:\/\/linitiative.ca\/International\/wp-json\/wp\/v2\/posts\/68415\/revisions"}],"wp:attachment":[{"href":"https:\/\/linitiative.ca\/International\/wp-json\/wp\/v2\/media?parent=68415"}],"wp:term":[{"taxonomy":"category","embeddable":true,"href":"https:\/\/linitiative.ca\/International\/wp-json\/wp\/v2\/categories?post=68415"},{"taxonomy":"post_tag","embeddable":true,"href":"https:\/\/linitiative.ca\/International\/wp-json\/wp\/v2\/tags?post=68415"}],"curies":[{"name":"wp","href":"https:\/\/api.w.org\/{rel}","templated":true}]}}